{"id":36924,"date":"2021-12-15T10:03:23","date_gmt":"2021-12-15T13:03:23","guid":{"rendered":"http:\/\/www.sincomam.org.br\/?p=36924"},"modified":"2021-12-15T10:03:23","modified_gmt":"2021-12-15T13:03:23","slug":"escola-de-guerra-naval-realiza-cerimonia-de-encerramento-dos-cursos-de-altos-estudos-militares-de-2021","status":"publish","type":"post","link":"https:\/\/www.sincomam.org.br\/index.php\/escola-de-guerra-naval-realiza-cerimonia-de-encerramento-dos-cursos-de-altos-estudos-militares-de-2021\/","title":{"rendered":"Escola de Guerra Naval realiza Cerim\u00f4nia de Encerramento dos Cursos de Altos Estudos Militares de 2021"},"content":{"rendered":"<div class=\"field field-name-body field-type-text-with-summary field-label-hidden\">\n<div class=\"field-items\">\n<div class=\"field-item even\">\n<div class=\"rtejustify\"><span style=\"font-family: Verdana, sans-serif;\"><span>A Escola de Guerra Naval realizou, a Cerim\u00f4nia de Encerramento do Curso de Pol\u00edtica e Estrat\u00e9gia Mar\u00edtimas (C-PEM) e do Curso de Estado-Maior para Oficiais Superiores (C-EMOS) Turma 2021, quando foram entregues os Diplomas de Conclus\u00e3o de Curso.<\/span><\/span><\/div>\n<div class=\"rtejustify\"><\/div>\n<div class=\"rtejustify\"><span style=\"font-family: Verdana, sans-serif;\"><span>O C-PEM foi conclu\u00eddo por 42 Oficiais-Alunos, sendo 34 Capit\u00e3es de Mar e Guerra, 2 Coron\u00e9is do Ex\u00e9rcito, 4 Coron\u00e9is da For\u00e7a A\u00e9rea e 2 servidores civis d<span style=\"color: #000000;\"><span lang=\"pt-BR\" xml:lang=\"pt-BR\">e<\/span><\/span>\u00a0N\u00edvel Superior da Marinha. Conclu\u00edram o C-EMOS 111 Oficiais-Alunos, sendo 107 da Marinha brasileira e 4 de Marinhas Amigas \u2013 Oficiais da Argentina, Estados Unidos da Am\u00e9rica, Peru e Uruguai.<\/span><\/span><\/div>\n<div class=\"rtejustify\"><\/div>\n<div class=\"rtejustify\"><span style=\"font-family: Verdana, sans-serif;\"><span>A cerim\u00f4nia foi presidida pelo Comandante da Marinha, Almirante de Esquadra Almir Garnier Santos; e contou com a presen\u00e7a do Ministro do Superior Tribunal Militar, Almirante de Esquadra Leonardo Puntel; do Chefe do Estado-Maior da Armada, Almirante de Esquadra Marcos Silva Rodrigues; e demais membros do Almirantado.<\/span><\/span><\/div>\n<div class=\"rtejustify\"><\/div>\n<div class=\"rtejustify\"><span style=\"font-family: Verdana, sans-serif;\">Os cursos de Altos Estudos Militares visam complementar a qualifica\u00e7\u00e3o dos oficiais para o exerc\u00edcio de cargos na Alta Administra\u00e7\u00e3o Naval (C-PEM); e ampliar os conhecimentos para o desempenho de fun\u00e7\u00f5es de Estado-Maior e assessoria de alto n\u00edvel, com \u00eanfase nas doutrinas e nas estruturas operativas e administrativas da Marinha (C-EMOS).<\/span><\/div>\n<div class=\"rtejustify\"><\/div>\n<div align=\"center\"><\/div>\n<\/div>\n<\/div>\n<\/div>\n<div class=\"field field-name-field-fonte-noticia field-type-field-collection field-label-hidden\">\n<div class=\"field-items\">\n<div class=\"field-item even\">\n<div>\n<div class=\"content\">\n<div class=\"field field-name-field-valor-fonte-noticias field-type-text field-label-hidden\">\n<div class=\"field-items\">\n<div class=\"field-item even\">Fonte: Centro de Comunica\u00e7\u00e3o Social da Marinha<\/div>\n<\/div>\n<\/div>\n<\/div>\n<\/div>\n<\/div>\n<\/div>\n<\/div>\n","protected":false},"excerpt":{"rendered":"<p>A Escola de Guerra Naval realizou, a Cerim\u00f4nia de Encerramento do Curso de Pol\u00edtica e Estrat\u00e9gia Mar\u00edtimas (C-PEM) e do Curso de Estado-Maior para Oficiais&#8230;<\/p>\n","protected":false},"author":1527,"featured_media":36925,"comment_status":"closed","ping_status":"closed","sticky":false,"template":"","format":"standard","meta":{"footnotes":""},"categories":[6],"tags":[],"class_list":["post-36924","post","type-post","status-publish","format-standard","has-post-thumbnail","hentry","category-noticias"],"_links":{"self":[{"href":"https:\/\/www.sincomam.org.br\/index.php\/wp-json\/wp\/v2\/posts\/36924","targetHints":{"allow":["GET"]}}],"collection":[{"href":"https:\/\/www.sincomam.org.br\/index.php\/wp-json\/wp\/v2\/posts"}],"about":[{"href":"https:\/\/www.sincomam.org.br\/index.php\/wp-json\/wp\/v2\/types\/post"}],"author":[{"embeddable":true,"href":"https:\/\/www.sincomam.org.br\/index.php\/wp-json\/wp\/v2\/users\/1527"}],"replies":[{"embeddable":true,"href":"https:\/\/www.sincomam.org.br\/index.php\/wp-json\/wp\/v2\/comments?post=36924"}],"version-history":[{"count":1,"href":"https:\/\/www.sincomam.org.br\/index.php\/wp-json\/wp\/v2\/posts\/36924\/revisions"}],"predecessor-version":[{"id":36926,"href":"https:\/\/www.sincomam.org.br\/index.php\/wp-json\/wp\/v2\/posts\/36924\/revisions\/36926"}],"wp:featuredmedia":[{"embeddable":true,"href":"https:\/\/www.sincomam.org.br\/index.php\/wp-json\/wp\/v2\/media\/36925"}],"wp:attachment":[{"href":"https:\/\/www.sincomam.org.br\/index.php\/wp-json\/wp\/v2\/media?parent=36924"}],"wp:term":[{"taxonomy":"category","embeddable":true,"href":"https:\/\/www.sincomam.org.br\/index.php\/wp-json\/wp\/v2\/categories?post=36924"},{"taxonomy":"post_tag","embeddable":true,"href":"https:\/\/www.sincomam.org.br\/index.php\/wp-json\/wp\/v2\/tags?post=36924"}],"curies":[{"name":"wp","href":"https:\/\/api.w.org\/{rel}","templated":true}]}}