{"id":36914,"date":"2021-12-15T09:50:10","date_gmt":"2021-12-15T12:50:10","guid":{"rendered":"http:\/\/www.sincomam.org.br\/?p=36914"},"modified":"2021-12-15T09:50:10","modified_gmt":"2021-12-15T12:50:10","slug":"vacina-aplicada-ha-6-meses-nao-cobre-versao-do-h3n2-que-causa-alta-de-casos-de-gripe-em-sp-e-no-rio","status":"publish","type":"post","link":"https:\/\/www.sincomam.org.br\/index.php\/vacina-aplicada-ha-6-meses-nao-cobre-versao-do-h3n2-que-causa-alta-de-casos-de-gripe-em-sp-e-no-rio\/","title":{"rendered":"Vacina aplicada h\u00e1 6 meses n\u00e3o cobre vers\u00e3o do H3N2 que causa alta de casos de gripe em SP e no Rio"},"content":{"rendered":"<p>As cidades de S\u00e3o Paulo e Rio de Janeiro est\u00e3o apresentando uma curva acentuada de casos do Influenza H3N2, especificamente da variante Darwin \u2014 detectada na cidade da Austr\u00e1lia que recebe o mesmo nome.\u00a0Um ponto de alerta,\u00a0 \u00e9 que a vacina contra a gripe foi aplicada h\u00e1 mais de 6 meses, o que pode ter reduzido a resposta contra a doen\u00e7a e, mais importante ainda, n\u00e3o tem uma a\u00e7\u00e3o contra esta vers\u00e3o espec\u00edfica do v\u00edrus.<\/p>\n<p>&#8220;Em S\u00e3o Paulo, est\u00e1 aumentando. No Rio, foi um absurdo. N\u00e3o \u00e9 que foi s\u00f3 aumentando: de uma semana para a outra \u00e9 uma curva que \u00e9 uma reta para cima, subiu mais de 10 vezes. E agora, a gente em S\u00e3o Paulo est\u00e1 come\u00e7ando a pegar este aumento&#8221;, disse Celso Granato, m\u00e9dico infectologista e diretor cl\u00ednico do Grupo Fleury.<\/p>\n<p>De acordo com Granato, h\u00e1 a tend\u00eancia de alta nos casos de H3N2 em S\u00e3o Paulo. Segundo ele, no Rio, os casos de Influenza j\u00e1 ultrapassaram os de Covid-19. J\u00e1 na capital paulista, embora o coronav\u00edrus esteja em queda, ele ainda domina o n\u00famero de infec\u00e7\u00f5es detectadas. Se a tend\u00eancia confirmar, a situa\u00e7\u00e3o poder\u00e1 inverter e ficar igual a dos cariocas em breve.<\/p>\n<p>&#8220;Em primeiro lugar, n\u00e3o \u00e9 o H1N1. O que est\u00e1 dando \u00e9 o H3N2, que \u00e9 um primo dele. E o que acontece \u00e9 que essa vacina que a gente deu neste ano n\u00e3o cobre bem contra o H3N2. A vacina tem o H3N2, mas n\u00e3o especificamente este que est\u00e1 rodando, que \u00e9 o Darwin&#8221;, explicou o infectologista.<\/p>\n<p>&#8220;Al\u00e9m do que, as pessoas tomaram essa vacina faz seis meses. A gente vacina contra a gripe l\u00e1 para maio, junho. Ent\u00e3o, voc\u00ea est\u00e1 com uma vacina que j\u00e1 n\u00e3o cobre muito bem e tamb\u00e9m que j\u00e1 tomou h\u00e1 seis meses&#8221;, complementou.<\/p>\n<p>O Minist\u00e9rio da Sa\u00fade e com a Secretaria de Estado de S\u00e3o Paulo para obter os dados oficiais de notifica\u00e7\u00e3o da doen\u00e7a. At\u00e9 a mais recente atualiza\u00e7\u00e3o desta reportagem, n\u00e3o havia recebido resposta.<\/p>\n<p>J\u00e1 Nancy Bellei, consultora de Influenza para a Organiza\u00e7\u00e3o Pan-Americana da Sa\u00fade (Opas) e professora na Universidade Federal de S\u00e3o Paulo (Unifesp), tamb\u00e9m aponta um aumento nos casos e disse que &#8220;de tr\u00eas semanas para c\u00e1 se notou uma alta no n\u00famero de pessoas com Influenza H3N2 que foram sendo internadas e hospitalizadas. E \u00e0s vezes, o paciente fica uma semana hospitalizado, 10 dias&#8221;.<\/p>\n<p>&#8220;Na \u00faltima semana de novembro, que a sexta-feira foi 3 de dezembro, para c\u00e1, n\u00f3s j\u00e1 tivemos 19 pacientes. O que a gente percebeu \u00e9 que foi aumentando progressivamente. Do fim de semana para c\u00e1, hoje \u00e9 ter\u00e7a-feira (14), n\u00f3s temos pelo menos 9 pacientes que estavam hospitalizados e tinham Influenza. A gente est\u00e1 notando que semana a semana est\u00e1 aumentando&#8221;, disse Bellei, que se refere aos n\u00fameros apenas do Hospital S\u00e3o Paulo, onde \u00e9 coordenadora de testagem.<\/p>\n<p>Apag\u00e3o nos dados<br \/>\nMarcelo Gomes, coordenador do InfoGripe, projeto que faz o monitoramento de casos de s\u00edndrome respirat\u00f3ria aguda grave (SRAG) pela Funda\u00e7\u00e3o Oswaldo Cruz, esclarece que ainda n\u00e3o recebeu as notifica\u00e7\u00f5es do Minist\u00e9rio da Sa\u00fade feitas at\u00e9 domingo (12). Segundo ele, os dados s\u00e3o geralmente enviados \u00e0s segundas-feiras ou ter\u00e7as-feiras, mas, por conta dos ataques hackers sofridos nos \u00faltimos dias, a pasta pode estar com um &#8220;gargalo&#8221;.<\/p>\n<p>&#8220;Estamos sem informa\u00e7\u00f5es por enquanto. S\u00f3 o boletim da semana passada que apontava um cen\u00e1rio bem claro no Rio e indicativo de retomada do crescimento [do Influenza], mesmo que ainda leve, em outros estados. Esse aumento nos outros estados n\u00e3o tinha resultado laboratorial recente indicando que pudesse j\u00e1 ser efeito do Influenza. S\u00f3 no Rio \u00e9 que os dados laboratoriais j\u00e1 sugeriam isso&#8221;, disse.<\/p>\n<p>Sobre a variante Darwin<br \/>\nGranato explica que, quando \u00e9 feita a classifica\u00e7\u00e3o do v\u00edrus Influenza, \u00e9 colocado &#8220;um n\u00famero no H e um n\u00famero no N&#8221;. Ent\u00e3o, existe a H1N1, a H2N1, a H2N2 e, neste caso, a H3N2.<\/p>\n<p>&#8220;Voc\u00ea tem todas as combina\u00e7\u00f5es. Agora, aqueles que s\u00e3o mais frequentes s\u00e3o o H1N1 e o H3N2. Agora, dentro de cada um deles&#8230; por que ela chama Darwin? A Organiza\u00e7\u00e3o Mundial da Sa\u00fade classifica de acordo com o primeiro lugar que foi identificado o v\u00edrus. E \u00e9 uma cidade da Austr\u00e1lia que se chama Darwin. Por isso, \u00e9 o H3N2 da variante Darwin&#8221;, disse Granato.<\/p>\n<p>O infectologista explica que a variante apareceu recentemente e que, quando a vacina foi aplicada h\u00e1 mais ou menos 6 meses, o v\u00edrus n\u00e3o era conhecido e &#8220;n\u00e3o tinha como fazer uma vacina com ele&#8221;.<\/p>\n<p>&#8220;Na vacina do ano que vem, a OMS j\u00e1 mandou colocar a Darwin, mas isso s\u00f3 vai ficar pronto para a gente l\u00e1 para mar\u00e7o ou abril&#8221;, informou.<\/p>\n<p>&nbsp;<\/p>\n<p>Fonte: G1<\/p>\n","protected":false},"excerpt":{"rendered":"<p>As cidades de S\u00e3o Paulo e Rio de Janeiro est\u00e3o apresentando uma curva acentuada de casos do Influenza H3N2, especificamente da variante Darwin \u2014 detectada&#8230;<\/p>\n","protected":false},"author":1527,"featured_media":36915,"comment_status":"closed","ping_status":"closed","sticky":false,"template":"","format":"standard","meta":{"footnotes":""},"categories":[6],"tags":[],"class_list":["post-36914","post","type-post","status-publish","format-standard","has-post-thumbnail","hentry","category-noticias"],"_links":{"self":[{"href":"https:\/\/www.sincomam.org.br\/index.php\/wp-json\/wp\/v2\/posts\/36914","targetHints":{"allow":["GET"]}}],"collection":[{"href":"https:\/\/www.sincomam.org.br\/index.php\/wp-json\/wp\/v2\/posts"}],"about":[{"href":"https:\/\/www.sincomam.org.br\/index.php\/wp-json\/wp\/v2\/types\/post"}],"author":[{"embeddable":true,"href":"https:\/\/www.sincomam.org.br\/index.php\/wp-json\/wp\/v2\/users\/1527"}],"replies":[{"embeddable":true,"href":"https:\/\/www.sincomam.org.br\/index.php\/wp-json\/wp\/v2\/comments?post=36914"}],"version-history":[{"count":1,"href":"https:\/\/www.sincomam.org.br\/index.php\/wp-json\/wp\/v2\/posts\/36914\/revisions"}],"predecessor-version":[{"id":36916,"href":"https:\/\/www.sincomam.org.br\/index.php\/wp-json\/wp\/v2\/posts\/36914\/revisions\/36916"}],"wp:featuredmedia":[{"embeddable":true,"href":"https:\/\/www.sincomam.org.br\/index.php\/wp-json\/wp\/v2\/media\/36915"}],"wp:attachment":[{"href":"https:\/\/www.sincomam.org.br\/index.php\/wp-json\/wp\/v2\/media?parent=36914"}],"wp:term":[{"taxonomy":"category","embeddable":true,"href":"https:\/\/www.sincomam.org.br\/index.php\/wp-json\/wp\/v2\/categories?post=36914"},{"taxonomy":"post_tag","embeddable":true,"href":"https:\/\/www.sincomam.org.br\/index.php\/wp-json\/wp\/v2\/tags?post=36914"}],"curies":[{"name":"wp","href":"https:\/\/api.w.org\/{rel}","templated":true}]}}