{"id":36909,"date":"2021-12-15T09:36:59","date_gmt":"2021-12-15T12:36:59","guid":{"rendered":"http:\/\/www.sincomam.org.br\/?p=36909"},"modified":"2021-12-15T09:44:20","modified_gmt":"2021-12-15T12:44:20","slug":"marinha-tem-novo-chefe-do-estado-maior-da-armada","status":"publish","type":"post","link":"https:\/\/www.sincomam.org.br\/index.php\/marinha-tem-novo-chefe-do-estado-maior-da-armada\/","title":{"rendered":"Marinha tem novo Chefe do Estado-Maior da Armada"},"content":{"rendered":"<div class=\"field field-name-body field-type-text-with-summary field-label-hidden\">\n<div class=\"field-items\">\n<div class=\"field-item even\">\n<div class=\"rtejustify\"><span style=\"font-family: Verdana, sans-serif;\">Em cerim\u00f4nia presidida pelo Comandante da Marinha, Almirante de Esquadra Almir Garnier Santos, o Almirante de Esquadra Renato Rodrigues de Aguiar Freire assumiu o cargo de Chefe do Estado-Maior da Armada (CEMA), em Bras\u00edlia (DF).<\/span><\/div>\n<div class=\"rtejustify\"><\/div>\n<div class=\"rtejustify\"><span style=\"font-family: Verdana, sans-serif;\">O novo CEMA, que substitui o Almirante de Esquadra Marcos Silva Rodrigues, agradeceu, em seu discurso, \u00e0queles que contribu\u00edram com sua singradura e o ajudaram a construir sua trajet\u00f3ria, comprometendo-se com a busca da excel\u00eancia. O Almirante Aguiar Freire concitou a tripula\u00e7\u00e3o do Estado-Maior da Armada ao cumprimento da miss\u00e3o, tendo como norte o Programa Estrat\u00e9gico da Marinha 2040 (PEM 2040).<\/span><\/div>\n<div class=\"rtejustify\"><\/div>\n<div class=\"rtejustify\">\u201c<span style=\"font-family: Verdana, sans-serif;\">Contribuiremos para o atingimento de objetivos estrat\u00e9gicos essenciais para o Poder Naval e Mar\u00edtimo, exemplificados no prosseguimento do Programa Nuclear da Marinha, do Programa de Desenvolvimento de Submarinos, do Programa de Obten\u00e7\u00e3o das Fragatas Classe \u2018Tamandar\u00e9\u2019, do PROADSUMUS e do Sistema de Gerenciamento da Amaz\u00f4nia Azul, al\u00e9m de outras importantes iniciativas da nossa For\u00e7a, sempre buscando a aplica\u00e7\u00e3o racional dos recursos or\u00e7<span lang=\"it-IT\" xml:lang=\"it-IT\">ament<\/span>\u00e1rios\u201d, afirmou o Almirante.<\/span><\/div>\n<div class=\"rtejustify\"><\/div>\n<div class=\"rtejustify\"><span style=\"font-family: Verdana, sans-serif;\">A cerim\u00f4nia contou com a presen\u00e7a de Ministros de Estado, autoridades das For\u00e7as Armadas, parlamentares e representantes dos Tr\u00eas Poderes.<\/span><\/div>\n<div class=\"rtejustify\"><\/div>\n<\/div>\n<\/div>\n<\/div>\n<div class=\"field field-name-field-fonte-noticia field-type-field-collection field-label-hidden\">\n<div class=\"field-items\">\n<div class=\"field-item even\">\n<div>\n<div class=\"content\">\n<div class=\"field field-name-field-valor-fonte-noticias field-type-text field-label-hidden\">\n<div class=\"field-items\">\n<div class=\"field-item even\">Fonte: Centro de Comunica\u00e7\u00e3o Social da Marinha<\/div>\n<\/div>\n<\/div>\n<\/div>\n<\/div>\n<\/div>\n<\/div>\n<\/div>\n","protected":false},"excerpt":{"rendered":"<p>Em cerim\u00f4nia presidida pelo Comandante da Marinha, Almirante de Esquadra Almir Garnier Santos, o Almirante de Esquadra Renato Rodrigues de Aguiar Freire assumiu o cargo&#8230;<\/p>\n","protected":false},"author":1527,"featured_media":11665,"comment_status":"closed","ping_status":"closed","sticky":false,"template":"","format":"standard","meta":{"footnotes":""},"categories":[6],"tags":[],"class_list":["post-36909","post","type-post","status-publish","format-standard","has-post-thumbnail","hentry","category-noticias"],"_links":{"self":[{"href":"https:\/\/www.sincomam.org.br\/index.php\/wp-json\/wp\/v2\/posts\/36909","targetHints":{"allow":["GET"]}}],"collection":[{"href":"https:\/\/www.sincomam.org.br\/index.php\/wp-json\/wp\/v2\/posts"}],"about":[{"href":"https:\/\/www.sincomam.org.br\/index.php\/wp-json\/wp\/v2\/types\/post"}],"author":[{"embeddable":true,"href":"https:\/\/www.sincomam.org.br\/index.php\/wp-json\/wp\/v2\/users\/1527"}],"replies":[{"embeddable":true,"href":"https:\/\/www.sincomam.org.br\/index.php\/wp-json\/wp\/v2\/comments?post=36909"}],"version-history":[{"count":2,"href":"https:\/\/www.sincomam.org.br\/index.php\/wp-json\/wp\/v2\/posts\/36909\/revisions"}],"predecessor-version":[{"id":36913,"href":"https:\/\/www.sincomam.org.br\/index.php\/wp-json\/wp\/v2\/posts\/36909\/revisions\/36913"}],"wp:featuredmedia":[{"embeddable":true,"href":"https:\/\/www.sincomam.org.br\/index.php\/wp-json\/wp\/v2\/media\/11665"}],"wp:attachment":[{"href":"https:\/\/www.sincomam.org.br\/index.php\/wp-json\/wp\/v2\/media?parent=36909"}],"wp:term":[{"taxonomy":"category","embeddable":true,"href":"https:\/\/www.sincomam.org.br\/index.php\/wp-json\/wp\/v2\/categories?post=36909"},{"taxonomy":"post_tag","embeddable":true,"href":"https:\/\/www.sincomam.org.br\/index.php\/wp-json\/wp\/v2\/tags?post=36909"}],"curies":[{"name":"wp","href":"https:\/\/api.w.org\/{rel}","templated":true}]}}