{"id":36906,"date":"2021-12-15T09:31:36","date_gmt":"2021-12-15T12:31:36","guid":{"rendered":"http:\/\/www.sincomam.org.br\/?p=36906"},"modified":"2021-12-15T09:34:25","modified_gmt":"2021-12-15T12:34:25","slug":"covid-19-rio-antecipa-dose-de-reforco-para-quem-vai-viajar","status":"publish","type":"post","link":"https:\/\/www.sincomam.org.br\/index.php\/covid-19-rio-antecipa-dose-de-reforco-para-quem-vai-viajar\/","title":{"rendered":"Covid-19: Rio antecipa dose de refor\u00e7o para quem vai viajar"},"content":{"rendered":"<p>Os cariocas que preferirem tomar a dose de refor\u00e7o antes do prazo de cinco meses ap\u00f3s a segunda dose podem se imunizar em caso de viagem, problemas de sa\u00fade e outras quest\u00f5es pessoais, segundo informou o secret\u00e1rio de Sa\u00fade Daniel Soranz.<\/p>\n<p>De acordo com o secret\u00e1rio, o ideal \u00e9 que a antecipa\u00e7\u00e3o n\u00e3o se distancie muito do prazo recomendado, mas n\u00e3o \u00e9 necess\u00e1rio apresenta\u00e7\u00e3o de nenhum documento que justifique a antecipa\u00e7\u00e3o da dose.<\/p>\n<p>&#8220;Se for antecipar, \u00e9 bom que n\u00e3o seja t\u00e3o longe dos cinco meses que a gente recomenda. Porque assim voc\u00ea mant\u00e9m um bom intervalo de prote\u00e7\u00e3o, n\u00e3o cai muito e ao tomar a nova dose consegue estender a imuniza\u00e7\u00e3o por um per\u00edodo maior&#8221;, explicou o secret\u00e1rio.<\/p>\n<p>De acordo com a SMS, &#8220;a regra \u00e9 n\u00e3o burocratizar a vacina\u00e7\u00e3o e contemplar o maior n\u00famero de usu\u00e1rios poss\u00edvel&#8221;. No momento, o munic\u00edpio tem doses suficientes para realiza\u00e7\u00e3o de antecipa\u00e7\u00f5es.<\/p>\n<p>O estoque atualizado nesta ter\u00e7a-feira (14) \u00e9 de 515 mil doses: 307,5 mil de AstraZeneca, 192,9 mil de Pfizer e 14,8 mil de Janssen.<\/p>\n<p>&#8220;Estamos com um bom estoque, ent\u00e3o nosso maior objetivo agora \u00e9 aumentar a cobertura vacinal ao m\u00e1ximo. Quem for se vacinar com a primeira dose ou com a dose de refor\u00e7o est\u00e1 inclusive liberado para escolher qual vacina tomar&#8221;, disse Soranz.<\/p>\n<p>A recomenda\u00e7\u00e3o da secretaria \u00e9 que as pessoas realizem a dose de refor\u00e7o ao completar cinco meses da segunda dose. Imunossuprimidos e pessoas com doen\u00e7as cr\u00f4nicas graves podem tomar o refor\u00e7o com 28 dias. Idosos e maiores de 55 anos devem, preferencialmente, seguir o calend\u00e1rio de vacina\u00e7\u00e3o publicado.<\/p>\n<p>Fonte: G1<\/p>\n","protected":false},"excerpt":{"rendered":"<p>Os cariocas que preferirem tomar a dose de refor\u00e7o antes do prazo de cinco meses ap\u00f3s a segunda dose podem se imunizar em caso de&#8230;<\/p>\n","protected":false},"author":1527,"featured_media":29316,"comment_status":"closed","ping_status":"closed","sticky":false,"template":"","format":"standard","meta":{"footnotes":""},"categories":[6],"tags":[],"class_list":["post-36906","post","type-post","status-publish","format-standard","has-post-thumbnail","hentry","category-noticias"],"_links":{"self":[{"href":"https:\/\/www.sincomam.org.br\/index.php\/wp-json\/wp\/v2\/posts\/36906","targetHints":{"allow":["GET"]}}],"collection":[{"href":"https:\/\/www.sincomam.org.br\/index.php\/wp-json\/wp\/v2\/posts"}],"about":[{"href":"https:\/\/www.sincomam.org.br\/index.php\/wp-json\/wp\/v2\/types\/post"}],"author":[{"embeddable":true,"href":"https:\/\/www.sincomam.org.br\/index.php\/wp-json\/wp\/v2\/users\/1527"}],"replies":[{"embeddable":true,"href":"https:\/\/www.sincomam.org.br\/index.php\/wp-json\/wp\/v2\/comments?post=36906"}],"version-history":[{"count":2,"href":"https:\/\/www.sincomam.org.br\/index.php\/wp-json\/wp\/v2\/posts\/36906\/revisions"}],"predecessor-version":[{"id":36908,"href":"https:\/\/www.sincomam.org.br\/index.php\/wp-json\/wp\/v2\/posts\/36906\/revisions\/36908"}],"wp:featuredmedia":[{"embeddable":true,"href":"https:\/\/www.sincomam.org.br\/index.php\/wp-json\/wp\/v2\/media\/29316"}],"wp:attachment":[{"href":"https:\/\/www.sincomam.org.br\/index.php\/wp-json\/wp\/v2\/media?parent=36906"}],"wp:term":[{"taxonomy":"category","embeddable":true,"href":"https:\/\/www.sincomam.org.br\/index.php\/wp-json\/wp\/v2\/categories?post=36906"},{"taxonomy":"post_tag","embeddable":true,"href":"https:\/\/www.sincomam.org.br\/index.php\/wp-json\/wp\/v2\/tags?post=36906"}],"curies":[{"name":"wp","href":"https:\/\/api.w.org\/{rel}","templated":true}]}}