{"id":36898,"date":"2021-12-14T08:00:12","date_gmt":"2021-12-14T11:00:12","guid":{"rendered":"http:\/\/www.sincomam.org.br\/?p=36898"},"modified":"2021-12-14T01:43:32","modified_gmt":"2021-12-14T04:43:32","slug":"tcu-nao-enxerga-problemas-na-venda-dos-portos-do-espirito-santo","status":"publish","type":"post","link":"https:\/\/www.sincomam.org.br\/index.php\/tcu-nao-enxerga-problemas-na-venda-dos-portos-do-espirito-santo\/","title":{"rendered":"TCU n\u00e3o enxerga problemas na venda dos portos do Esp\u00edrito Santo"},"content":{"rendered":"<p>O Tribunal de Contas da Uni\u00e3o (TCU) n\u00e3o constatou \u201cirregularidades ou impropriedades que desaconselhem o regular prosseguimento do processo de outorga\u201d dos portos de Vit\u00f3ria e Barra do Riacho, ambos no Esp\u00edrito Santo, sintetizou o ministro-relator Bruno Dantas.<\/p>\n<p>A desestatiza\u00e7\u00e3o se dar\u00e1 por meio da aliena\u00e7\u00e3o da totalidade das a\u00e7\u00f5es de titularidade da Uni\u00e3o, emitidas pela Companhia Docas do Esp\u00edrito Santo (Codesa), associada \u00e0 outorga da concess\u00e3o do servi\u00e7o p\u00fablico de administra\u00e7\u00e3o dos dois portos.<\/p>\n<p>No entanto, a Federa\u00e7\u00e3o Nacional dos Portu\u00e1rios (FNP) denunciou, riscos para a economia do estado e questionou o valor da privatiza\u00e7\u00e3o. Os trabalhadores denunciam que o pre\u00e7o da Codesa, cujo valor m\u00ednimo era de R$ 719 milh\u00f5es, na primeira proposta submetida \u00e0 audi\u00eancia p\u00fablica, baixou para R$ 471 milh\u00f5es.<\/p>\n<p>O TCU determinou ao Minist\u00e9rio da Infraestrutura apenas algumas mudan\u00e7as formais. Quanto \u00e0 Antaq, dever\u00e1 suprir as lacunas regulat\u00f3rias existentes na minuta do contrato de concess\u00e3o.<\/p>\n<p>&nbsp;<\/p>\n<p>Fonte: Monitor Mercantil<\/p>\n","protected":false},"excerpt":{"rendered":"<p>O Tribunal de Contas da Uni\u00e3o (TCU) n\u00e3o constatou \u201cirregularidades ou impropriedades que desaconselhem o regular prosseguimento do processo de outorga\u201d dos portos de Vit\u00f3ria&#8230;<\/p>\n","protected":false},"author":1527,"featured_media":36899,"comment_status":"closed","ping_status":"closed","sticky":false,"template":"","format":"standard","meta":{"footnotes":""},"categories":[6],"tags":[],"class_list":["post-36898","post","type-post","status-publish","format-standard","has-post-thumbnail","hentry","category-noticias"],"_links":{"self":[{"href":"https:\/\/www.sincomam.org.br\/index.php\/wp-json\/wp\/v2\/posts\/36898","targetHints":{"allow":["GET"]}}],"collection":[{"href":"https:\/\/www.sincomam.org.br\/index.php\/wp-json\/wp\/v2\/posts"}],"about":[{"href":"https:\/\/www.sincomam.org.br\/index.php\/wp-json\/wp\/v2\/types\/post"}],"author":[{"embeddable":true,"href":"https:\/\/www.sincomam.org.br\/index.php\/wp-json\/wp\/v2\/users\/1527"}],"replies":[{"embeddable":true,"href":"https:\/\/www.sincomam.org.br\/index.php\/wp-json\/wp\/v2\/comments?post=36898"}],"version-history":[{"count":1,"href":"https:\/\/www.sincomam.org.br\/index.php\/wp-json\/wp\/v2\/posts\/36898\/revisions"}],"predecessor-version":[{"id":36900,"href":"https:\/\/www.sincomam.org.br\/index.php\/wp-json\/wp\/v2\/posts\/36898\/revisions\/36900"}],"wp:featuredmedia":[{"embeddable":true,"href":"https:\/\/www.sincomam.org.br\/index.php\/wp-json\/wp\/v2\/media\/36899"}],"wp:attachment":[{"href":"https:\/\/www.sincomam.org.br\/index.php\/wp-json\/wp\/v2\/media?parent=36898"}],"wp:term":[{"taxonomy":"category","embeddable":true,"href":"https:\/\/www.sincomam.org.br\/index.php\/wp-json\/wp\/v2\/categories?post=36898"},{"taxonomy":"post_tag","embeddable":true,"href":"https:\/\/www.sincomam.org.br\/index.php\/wp-json\/wp\/v2\/tags?post=36898"}],"curies":[{"name":"wp","href":"https:\/\/api.w.org\/{rel}","templated":true}]}}