{"id":36896,"date":"2021-12-14T08:10:45","date_gmt":"2021-12-14T11:10:45","guid":{"rendered":"http:\/\/www.sincomam.org.br\/?p=36896"},"modified":"2021-12-14T01:33:08","modified_gmt":"2021-12-14T04:33:08","slug":"fiocruz-lanca-cartilha-com-orientacoes-para-natal-e-reveillon-seguros","status":"publish","type":"post","link":"https:\/\/www.sincomam.org.br\/index.php\/fiocruz-lanca-cartilha-com-orientacoes-para-natal-e-reveillon-seguros\/","title":{"rendered":"Fiocruz lan\u00e7a cartilha com orienta\u00e7\u00f5es para natal e r\u00e9veillon seguros"},"content":{"rendered":"<p>O Observat\u00f3rio Covid-19 Fiocruz alertou que, embora o Brasil registre atualmente queda nos principais indicadores da doen\u00e7a, em fun\u00e7\u00e3o da campanha de imuniza\u00e7\u00e3o, a pandemia ainda n\u00e3o acabou. Assim como no fim do ano passado surgiu a Delta, a descoberta da nova variante, \u00d4micron, representa um alerta sobre a pandemia e os cuidados necess\u00e1rios durante as festas de fim de ano.<\/p>\n<p>Por isso, o Observat\u00f3rio diz que \u00e9 fundamental avan\u00e7ar na vacina\u00e7\u00e3o e manter as medidas adicionais de prote\u00e7\u00e3o. Com esse objetivo, o observat\u00f3rio lan\u00e7ou nesta segunda-feira uma nova cartilha, que engloba um conjunto de orienta\u00e7\u00f5es sobre formas mais seguras de passar o natal e o r\u00e9veillon e diminuir os riscos de transmiss\u00e3o da covid-19 no per\u00edodo.<\/p>\n<p>As recomenda\u00e7\u00f5es contidas na cartilha tamb\u00e9m ser\u00e3o divulgadas em formato de cards informativos para compartilhamento pelo WhatsApp e outras redes sociais, bem como por uma enquete nas redes, que simula um jogo para a pessoa que deseja ir a um encontro de fim de ano da maneira mais segura poss\u00edvel.<\/p>\n<p>Mensagem principal<br \/>\nEsta \u00e9 a segunda edi\u00e7\u00e3o da cartilha, cuja mensagem principal \u00e9 a vacina\u00e7\u00e3o como forma mais importante de prote\u00e7\u00e3o. Algumas das recomenda\u00e7\u00f5es formuladas na edi\u00e7\u00e3o do ano passado continuam valendo, especialmente para aquelas pessoas que n\u00e3o sabem se todos os que estar\u00e3o presentes nos encontros e eventos de fim de ano foram vacinados, se s\u00e3o do grupo de risco, ou mais vulner\u00e1veis, como os idosos, ou se h\u00e1 crian\u00e7as na fam\u00edlia que ainda n\u00e3o se vacinaram.<\/p>\n<p>A cartilha traz orienta\u00e7\u00f5es sobre a participa\u00e7\u00e3o em eventos familiares e pequenos encontros entre amigos, j\u00e1 que as aglomera\u00e7\u00f5es ainda devem ser evitadas.<\/p>\n<p>Segundo os pesquisadores do observat\u00f3rio, as recomenda\u00e7\u00f5es sugeridas podem e devem ser compartilhadas e discutidas em fam\u00edlia, grupos de amigos, nos locais de trabalho, nas comunidades e em outros coletivos. O objetivo \u00e9 esclarecer, dialogar e pactuar estrat\u00e9gias solid\u00e1rias e conscientes para que as pessoas possam manter as festas cuidando umas das outras, e tamb\u00e9m incentivar parentes, amigos e colegas de trabalho n\u00e3o imunizados a se vacinar.<\/p>\n<p>A \u00faltima edi\u00e7\u00e3o do Boletim do Observat\u00f3rio Covid-19 da Fiocruz enfatiza que a proximidade das festas de fim de ano e das f\u00e9rias escolares, al\u00e9m do aquecimento do turismo, aumenta a circula\u00e7\u00e3o de pessoas nas ruas e imp\u00f5e especial aten\u00e7\u00e3o sobre o monitoramento da intensidade dessa movimenta\u00e7\u00e3o.<\/p>\n<p>Segundo o coordenador do Observat\u00f3rio Covid-19 da Fiocruz, Carlos Machado, o cen\u00e1rio atual \u00e9 mais favor\u00e1vel do que o do ano passado, mas ainda \u00e9 preciso manter-se alerta, especialmente diante das incertezas relacionadas \u00e0 nova variante do coronav\u00edrus e \u00e0 intensidade de circula\u00e7\u00e3o de pessoas nesse per\u00edodo do ano.<\/p>\n<p>\u201cPor isso, refor\u00e7amos que o principal cuidado neste fim de 2021 \u00e9 garantir que todos estejam vacinados com o esquema completo, incluindo a dose de refor\u00e7o, caso a pessoa j\u00e1 tenha essa indica\u00e7\u00e3o. Para quem ainda n\u00e3o est\u00e1 com o esquema completo, recomendamos que v\u00e1 ao posto de sa\u00fade 14 dias antes do evento para que possa estar protegido e ajudar a proteger os outros tamb\u00e9m\u201d, disse Machado. Estar vacinado \u00e9 o melhor presente neste fim de ano e aconselhou, afirmou Machado, aconselhando: \u201cProteja voc\u00ea e sua fam\u00edlia.\u201d<\/p>\n<p>Fonte: Ag\u00eancia Brasil<\/p>\n","protected":false},"excerpt":{"rendered":"<p>O Observat\u00f3rio Covid-19 Fiocruz alertou que, embora o Brasil registre atualmente queda nos principais indicadores da doen\u00e7a, em fun\u00e7\u00e3o da campanha de imuniza\u00e7\u00e3o, a pandemia&#8230;<\/p>\n","protected":false},"author":1527,"featured_media":17634,"comment_status":"closed","ping_status":"closed","sticky":false,"template":"","format":"standard","meta":{"footnotes":""},"categories":[6],"tags":[],"class_list":["post-36896","post","type-post","status-publish","format-standard","has-post-thumbnail","hentry","category-noticias"],"_links":{"self":[{"href":"https:\/\/www.sincomam.org.br\/index.php\/wp-json\/wp\/v2\/posts\/36896","targetHints":{"allow":["GET"]}}],"collection":[{"href":"https:\/\/www.sincomam.org.br\/index.php\/wp-json\/wp\/v2\/posts"}],"about":[{"href":"https:\/\/www.sincomam.org.br\/index.php\/wp-json\/wp\/v2\/types\/post"}],"author":[{"embeddable":true,"href":"https:\/\/www.sincomam.org.br\/index.php\/wp-json\/wp\/v2\/users\/1527"}],"replies":[{"embeddable":true,"href":"https:\/\/www.sincomam.org.br\/index.php\/wp-json\/wp\/v2\/comments?post=36896"}],"version-history":[{"count":1,"href":"https:\/\/www.sincomam.org.br\/index.php\/wp-json\/wp\/v2\/posts\/36896\/revisions"}],"predecessor-version":[{"id":36897,"href":"https:\/\/www.sincomam.org.br\/index.php\/wp-json\/wp\/v2\/posts\/36896\/revisions\/36897"}],"wp:featuredmedia":[{"embeddable":true,"href":"https:\/\/www.sincomam.org.br\/index.php\/wp-json\/wp\/v2\/media\/17634"}],"wp:attachment":[{"href":"https:\/\/www.sincomam.org.br\/index.php\/wp-json\/wp\/v2\/media?parent=36896"}],"wp:term":[{"taxonomy":"category","embeddable":true,"href":"https:\/\/www.sincomam.org.br\/index.php\/wp-json\/wp\/v2\/categories?post=36896"},{"taxonomy":"post_tag","embeddable":true,"href":"https:\/\/www.sincomam.org.br\/index.php\/wp-json\/wp\/v2\/tags?post=36896"}],"curies":[{"name":"wp","href":"https:\/\/api.w.org\/{rel}","templated":true}]}}