{"id":36894,"date":"2021-12-14T08:00:12","date_gmt":"2021-12-14T11:00:12","guid":{"rendered":"http:\/\/www.sincomam.org.br\/?p=36894"},"modified":"2021-12-14T01:21:55","modified_gmt":"2021-12-14T04:21:55","slug":"site-conectesus-sofreu-2o-ataque-hacker-e-normalizacao-do-sistema-e-adiada","status":"publish","type":"post","link":"https:\/\/www.sincomam.org.br\/index.php\/site-conectesus-sofreu-2o-ataque-hacker-e-normalizacao-do-sistema-e-adiada\/","title":{"rendered":"Site ConecteSUS sofreu 2\u00ba ataque hacker e normaliza\u00e7\u00e3o do sistema \u00e9 adiada"},"content":{"rendered":"<p>O Minist\u00e9rio da Sa\u00fade sofreu um segundo ataque hacker, informou o ministro Marcelo Queiroga. O fato, anteriormente negado levou a pasta a desligar a rede de internet durante a madrugada, deixando os sistemas fora do ar. &#8220;S\u00e3o duas coisas diferentes. Aquele primeiro ataque n\u00e3o foi um ataque ao Minist\u00e9rio da Sa\u00fade, aquilo foi a n\u00edvel da Embratel, n\u00e9? E felizmente, os dados n\u00e3o foram comprometidos. Em rela\u00e7\u00e3o a esse [segundo ataque], foi algo de menor monta e estamos trabalhando para recuperar isso o mais r\u00e1pido poss\u00edvel&#8221;, afirmou o ministro.<\/p>\n<p>De acordo com Queiroga, a normaliza\u00e7\u00e3o do sistema, antes prevista para ser finalizada at\u00e9 amanh\u00e3, deve ser impactada com o novo ataque. O ministro disse que, apesar de a tentativa de invas\u00e3o n\u00e3o ter sido bem-sucedida, &#8220;tumultuou&#8221; e &#8220;atrapalhou&#8221;. &#8220;N\u00f3s estamos trabalhando fortemente para reestabelecer todas as funcionalidades do ConecteSUS para que os brasileiros possam acessar livremente todas as informa\u00e7\u00f5es&#8221;, disse.<\/p>\n<p>O primeiro ataque aos sites do Minist\u00e9rio da Sa\u00fade e do ConecteSUS aconteceu na \u00faltima sexta-feira (10). Nas primeiras horas do dia, uma mensagem deixada pelo grupo invasor dizia &#8220;voc\u00ea sofreu um ransomware&#8221; e &#8220;50 TB de dados foram copiados e exclu\u00eddos&#8221;. A pasta afirmou que alguns sistemas foram comprometidos e acionou a PF (Pol\u00edcia Federal) e o GSI (Gabinete de Seguran\u00e7a Institucional) da Presid\u00eancia da Rep\u00fablica para investigar o caso. Em comunicado de hoje, o GSI informou que, por meio do Centro de Preven\u00e7\u00e3o, Tratamento e Resposta a Incidentes Cibern\u00e9ticos (CTIR Gov) do Departamento de Seguran\u00e7a da Informa\u00e7\u00e3o (DSI), est\u00e1 coordenando as a\u00e7\u00f5es juntamente com a Secretaria de Gover.<\/p>\n<p>&nbsp;<\/p>\n<p>Fonte: UOL<\/p>\n","protected":false},"excerpt":{"rendered":"<p>O Minist\u00e9rio da Sa\u00fade sofreu um segundo ataque hacker, informou o ministro Marcelo Queiroga. O fato, anteriormente negado levou a pasta a desligar a rede&#8230;<\/p>\n","protected":false},"author":1527,"featured_media":36874,"comment_status":"closed","ping_status":"closed","sticky":false,"template":"","format":"standard","meta":{"footnotes":""},"categories":[6],"tags":[],"class_list":["post-36894","post","type-post","status-publish","format-standard","has-post-thumbnail","hentry","category-noticias"],"_links":{"self":[{"href":"https:\/\/www.sincomam.org.br\/index.php\/wp-json\/wp\/v2\/posts\/36894","targetHints":{"allow":["GET"]}}],"collection":[{"href":"https:\/\/www.sincomam.org.br\/index.php\/wp-json\/wp\/v2\/posts"}],"about":[{"href":"https:\/\/www.sincomam.org.br\/index.php\/wp-json\/wp\/v2\/types\/post"}],"author":[{"embeddable":true,"href":"https:\/\/www.sincomam.org.br\/index.php\/wp-json\/wp\/v2\/users\/1527"}],"replies":[{"embeddable":true,"href":"https:\/\/www.sincomam.org.br\/index.php\/wp-json\/wp\/v2\/comments?post=36894"}],"version-history":[{"count":1,"href":"https:\/\/www.sincomam.org.br\/index.php\/wp-json\/wp\/v2\/posts\/36894\/revisions"}],"predecessor-version":[{"id":36895,"href":"https:\/\/www.sincomam.org.br\/index.php\/wp-json\/wp\/v2\/posts\/36894\/revisions\/36895"}],"wp:featuredmedia":[{"embeddable":true,"href":"https:\/\/www.sincomam.org.br\/index.php\/wp-json\/wp\/v2\/media\/36874"}],"wp:attachment":[{"href":"https:\/\/www.sincomam.org.br\/index.php\/wp-json\/wp\/v2\/media?parent=36894"}],"wp:term":[{"taxonomy":"category","embeddable":true,"href":"https:\/\/www.sincomam.org.br\/index.php\/wp-json\/wp\/v2\/categories?post=36894"},{"taxonomy":"post_tag","embeddable":true,"href":"https:\/\/www.sincomam.org.br\/index.php\/wp-json\/wp\/v2\/tags?post=36894"}],"curies":[{"name":"wp","href":"https:\/\/api.w.org\/{rel}","templated":true}]}}