{"id":3689,"date":"2014-02-18T08:26:24","date_gmt":"2014-02-18T11:26:24","guid":{"rendered":"http:\/\/www.sincomam.org.br\/?p=3689"},"modified":"2014-02-18T08:26:38","modified_gmt":"2014-02-18T11:26:38","slug":"primeiro-submarino-nuclear-do-pais-fica-pronto-em-2023","status":"publish","type":"post","link":"https:\/\/www.sincomam.org.br\/index.php\/primeiro-submarino-nuclear-do-pais-fica-pronto-em-2023\/","title":{"rendered":"Primeiro submarino nuclear do pa\u00eds fica pronto em 2023"},"content":{"rendered":"<p>O primeiro submarino brasileiro com propuls\u00e3o nuclear deve ficar pronto em 2023, de acordo com almirante de esquadra Gilberto Max Roff\u00e9 Hirschfeld, coordenador-geral do Programa de Desenvolvimento de Submarinos (Prosub, criado m 2008, a partir de um acordo de coopera\u00e7\u00e3o e transfer\u00eancia de tecnologia entre o Brasil e a Fran\u00e7a.<\/p>\n<p>Hirschfeld deu a informa\u00e7\u00e3o durante audi\u00eancia p\u00fablica realizada na quinta-feira (13), na Comiss\u00e3o de Rela\u00e7\u00f5es Exteriores e Defesa Nacional (CRE). O debate foi sugerido e coordenado pelo presidente do colegiado, senador Ricardo Ferra\u00e7o (PMDB-ES).<\/p>\n<p>Al\u00e9m do submarino nuclear, o programa sob a responsabilidade da Marinha do Brasil prev\u00ea ainda a constru\u00e7\u00e3o de quatro submarinos de propuls\u00e3o convencional (diesel-el\u00e9tricos). Ser\u00e3o ainda constru\u00eddos uma base naval e um estaleiro, em Itagua\u00ed, no Rio de janeiro.<\/p>\n<p>O almirante defendeu a necessidade de o pa\u00eds desenvolver e manter um forte sistema de defesa. Ao justificar, ele disse que o pa\u00eds \u00e9 foco de \u201cambi\u00e7\u00f5es\u201d, em raz\u00e3o de suas riquezas naturais e capacidades. Diante das incertezas sobre o que acontecer\u00e1 no mundo em m\u00e9dio e longo prazo, Max Hirschfeld observou que o Brasil precisa estar preparado, com uma For\u00e7a Armada potente. &#8220;N\u00e3o para entrar em guerra, ao contr\u00e1rio, mas exatamente para ter o poder de dissuas\u00e3o&#8221;, observou o almirante.<\/p>\n<p>De acordo com ele, um submarino de propuls\u00e3o nuclear \u00e9 ideal, j\u00e1 que \u00e9 considerada a arma de maior poder de dissuas\u00e3o que existe. Entre outras vantagens, o almirante destacou o poder de deslocamento e a capacidade de se manterem submersos de forma prolongada. Isso ocorre porque s\u00e3o capazes de gerar oxig\u00eanio, dispensando subidas regulares \u00e0 superf\u00edcie. Gra\u00e7as a essa caracter\u00edstica, eles seriam menos detect\u00e1veis, ficando mais protegidos contra ataques inimigos.<\/p>\n<p>Com o Prosub, disse ainda o coordenador do programa, o Brasil ganha capacidade n\u00e3o apenas para construir, mas tamb\u00e9m projetar submarinos convencionais e nucleares. Ele explicou que o acordo com o governo franc\u00eas assegura a transfer\u00eancia de toda a tecnologia necess\u00e1ria para esse ganho de autonomia. &#8220;Projetar \u00e9 a palavra chave. At\u00e9 agora v\u00ednhamos construindo apenas submarino de superf\u00edcie, mas nunca projetamos&#8221;, observou.<\/p>\n<p>O almirante fez quest\u00e3o de esclarecer, contudo, que o pa\u00eds j\u00e1 domina todo o ciclo tecnol\u00f3gico para a constru\u00e7\u00e3o do reator de propuls\u00e3o nuclear a ser utilizado no projeto, de responsabilidade da estatal Nuclebr\u00e1s Equipamentos Pesados S.A (Nuclep), que est\u00e1 sendo desenvolvido em S\u00e3o Paulo. A Fran\u00e7a entra com a parte de \u201cinterface\u201d para aplica\u00e7\u00e3o no submarino e seu projeto, al\u00e9m das tecnologias de opera\u00e7\u00e3o e manuten\u00e7\u00e3o do equipamento.<\/p>\n<p><strong>Respeitabilidade<\/strong><\/p>\n<p>A partir dessa conquista, previu o almirante, o pa\u00eds ser\u00e1 visto com muito mais respeitabilidade no cen\u00e1rio internacional. Ele acredita que, como parte do seleto grupo de na\u00e7\u00f5es com capacidade de projetar e construir esses equipamentos uma das contribui\u00e7\u00f5es ser\u00e1 refor\u00e7ar o poder de garantir o antigo pleito do Brasil por um assento permanente no Conselho de Seguran\u00e7a da ONU.<\/p>\n<p>O almirante Max Hirschfeld observou, contudo, que o alcance do Prosub vai muito al\u00e9m da quest\u00e3o de defesa. Ele explicou que o programa &#8211; com custo estimado em cerca de R$ 21 bilh\u00f5es, em todas as suas etapas &#8211; tem amplo potencial para irradiar conhecimentos e capacita\u00e7\u00e3o em favor dos centros de pesquisa, das universidades e da ind\u00fastria brasileira.<\/p>\n<p>Para que os ganhos sejam permanentes, por\u00e9m, ele observou que o pa\u00eds n\u00e3o pode se acomodar ap\u00f3s a constru\u00e7\u00e3o dos submarinos j\u00e1 projetados. Se isso acontecer, conforme explicou, os conhecimentos se perder\u00e3o. &#8220;N\u00e3o podemos parar de fazer, n\u00e3o temos o direito de perder um programa dessa envergadura&#8221;, apelou.<\/p>\n<p>Sobre os investimentos projetados pelo Prosub no or\u00e7amento federal para 2014, de quase R$ 2,5 bilh\u00f5es, ele disse que ficaram um pouco aqu\u00e9m do necess\u00e1rio. Por\u00e9m, disse estar seguro de o governo n\u00e3o deixar\u00e1 de fazer as complementa\u00e7\u00f5es necess\u00e1rias.<\/p>\n<p>\u00a0Fonte: Ag\u00eancia Senado<\/p>\n","protected":false},"excerpt":{"rendered":"<p>O primeiro submarino brasileiro com propuls\u00e3o nuclear deve ficar pronto em 2023, de acordo com almirante de esquadra Gilberto Max Roff\u00e9 Hirschfeld, coordenador-geral do Programa&#8230;<\/p>\n","protected":false},"author":1182,"featured_media":3551,"comment_status":"closed","ping_status":"closed","sticky":false,"template":"","format":"standard","meta":{"footnotes":""},"categories":[6],"tags":[61,131,430],"class_list":["post-3689","post","type-post","status-publish","format-standard","has-post-thumbnail","hentry","category-noticias","tag-brasil","tag-construcao","tag-submarino"],"_links":{"self":[{"href":"https:\/\/www.sincomam.org.br\/index.php\/wp-json\/wp\/v2\/posts\/3689","targetHints":{"allow":["GET"]}}],"collection":[{"href":"https:\/\/www.sincomam.org.br\/index.php\/wp-json\/wp\/v2\/posts"}],"about":[{"href":"https:\/\/www.sincomam.org.br\/index.php\/wp-json\/wp\/v2\/types\/post"}],"author":[{"embeddable":true,"href":"https:\/\/www.sincomam.org.br\/index.php\/wp-json\/wp\/v2\/users\/1182"}],"replies":[{"embeddable":true,"href":"https:\/\/www.sincomam.org.br\/index.php\/wp-json\/wp\/v2\/comments?post=3689"}],"version-history":[{"count":1,"href":"https:\/\/www.sincomam.org.br\/index.php\/wp-json\/wp\/v2\/posts\/3689\/revisions"}],"predecessor-version":[{"id":3690,"href":"https:\/\/www.sincomam.org.br\/index.php\/wp-json\/wp\/v2\/posts\/3689\/revisions\/3690"}],"wp:featuredmedia":[{"embeddable":true,"href":"https:\/\/www.sincomam.org.br\/index.php\/wp-json\/wp\/v2\/media\/3551"}],"wp:attachment":[{"href":"https:\/\/www.sincomam.org.br\/index.php\/wp-json\/wp\/v2\/media?parent=3689"}],"wp:term":[{"taxonomy":"category","embeddable":true,"href":"https:\/\/www.sincomam.org.br\/index.php\/wp-json\/wp\/v2\/categories?post=3689"},{"taxonomy":"post_tag","embeddable":true,"href":"https:\/\/www.sincomam.org.br\/index.php\/wp-json\/wp\/v2\/tags?post=3689"}],"curies":[{"name":"wp","href":"https:\/\/api.w.org\/{rel}","templated":true}]}}