{"id":36884,"date":"2021-12-13T08:00:35","date_gmt":"2021-12-13T11:00:35","guid":{"rendered":"http:\/\/www.sincomam.org.br\/?p=36884"},"modified":"2021-12-13T01:50:29","modified_gmt":"2021-12-13T04:50:29","slug":"sedimentos-da-dragagem-do-canal-do-porto-de-sao-francisco-serao-usados-para-alargamento-da-praia-de-itapoa","status":"publish","type":"post","link":"https:\/\/www.sincomam.org.br\/index.php\/sedimentos-da-dragagem-do-canal-do-porto-de-sao-francisco-serao-usados-para-alargamento-da-praia-de-itapoa\/","title":{"rendered":"Sedimentos da dragagem do canal do Porto de S\u00e3o Francisco ser\u00e3o usados para alargamento da Praia de Itapo\u00e1"},"content":{"rendered":"<p>Um fato in\u00e9dito no Brasil acontecer\u00e1 no Norte de Santa Catarina: uma praia ser\u00e1 beneficiada pelo material dragado das obras de aprofundamento e alargamento de um canal mar\u00edtimo.<\/p>\n<p>O acordo foi assinado na quinta-feira (9), em Itapo\u00e1, entre o Porto de S\u00e3o Francisco do Sul e a prefeitura local e ser\u00e1 publicado no Di\u00e1rio Oficial do Estado nos pr\u00f3ximos dias.<\/p>\n<p>Os 15 milh\u00f5es de metros c\u00fabicos retirados do canal de acesso \u00e0 Ba\u00eda da Babitonga servir\u00e3o para o engordamento de toda a faixa de areia da orla do Munic\u00edpio de Itapo\u00e1 que, nos \u00faltimos anos, tem sofrido com eros\u00e3o mar\u00edtima.<\/p>\n<p>\u201cSer\u00e1 a primeira vez no pa\u00eds que os sedimentos de uma dragagem portu\u00e1ria ter\u00e3o como destino o alargamento de uma praia\u201d, comemorou o presidente do Porto de S\u00e3o Francisco, Cleverton Vieira.<\/p>\n<p>A obra, or\u00e7ada em R$ 215 milh\u00f5es, ser\u00e1 iniciada ap\u00f3s a autoriza\u00e7\u00e3o do Ibama que, desde 2015, acompanha o projeto e tem recebido os diversos estudos de impacto ambiental do empreendimento, realizados pelo Instituto Nacional de Pesquisas Hidrovi\u00e1rias e pelo Porto de S\u00e3o Francisco.<\/p>\n<p>A profundidade do canal de acesso ao complexo portu\u00e1rio da regi\u00e3o Norte do Estado passar\u00e1 dos atuais 14 metros para 16 metros, e permitir\u00e1 a navega\u00e7\u00e3o de embarca\u00e7\u00f5es de at\u00e9 366 metros, que exigem calados de 14 metros.<\/p>\n","protected":false},"excerpt":{"rendered":"<p>Um fato in\u00e9dito no Brasil acontecer\u00e1 no Norte de Santa Catarina: uma praia ser\u00e1 beneficiada pelo material dragado das obras de aprofundamento e alargamento de&#8230;<\/p>\n","protected":false},"author":1527,"featured_media":33303,"comment_status":"closed","ping_status":"closed","sticky":false,"template":"","format":"standard","meta":{"footnotes":""},"categories":[6],"tags":[],"class_list":["post-36884","post","type-post","status-publish","format-standard","has-post-thumbnail","hentry","category-noticias"],"_links":{"self":[{"href":"https:\/\/www.sincomam.org.br\/index.php\/wp-json\/wp\/v2\/posts\/36884","targetHints":{"allow":["GET"]}}],"collection":[{"href":"https:\/\/www.sincomam.org.br\/index.php\/wp-json\/wp\/v2\/posts"}],"about":[{"href":"https:\/\/www.sincomam.org.br\/index.php\/wp-json\/wp\/v2\/types\/post"}],"author":[{"embeddable":true,"href":"https:\/\/www.sincomam.org.br\/index.php\/wp-json\/wp\/v2\/users\/1527"}],"replies":[{"embeddable":true,"href":"https:\/\/www.sincomam.org.br\/index.php\/wp-json\/wp\/v2\/comments?post=36884"}],"version-history":[{"count":1,"href":"https:\/\/www.sincomam.org.br\/index.php\/wp-json\/wp\/v2\/posts\/36884\/revisions"}],"predecessor-version":[{"id":36885,"href":"https:\/\/www.sincomam.org.br\/index.php\/wp-json\/wp\/v2\/posts\/36884\/revisions\/36885"}],"wp:featuredmedia":[{"embeddable":true,"href":"https:\/\/www.sincomam.org.br\/index.php\/wp-json\/wp\/v2\/media\/33303"}],"wp:attachment":[{"href":"https:\/\/www.sincomam.org.br\/index.php\/wp-json\/wp\/v2\/media?parent=36884"}],"wp:term":[{"taxonomy":"category","embeddable":true,"href":"https:\/\/www.sincomam.org.br\/index.php\/wp-json\/wp\/v2\/categories?post=36884"},{"taxonomy":"post_tag","embeddable":true,"href":"https:\/\/www.sincomam.org.br\/index.php\/wp-json\/wp\/v2\/tags?post=36884"}],"curies":[{"name":"wp","href":"https:\/\/api.w.org\/{rel}","templated":true}]}}