{"id":36872,"date":"2021-12-13T08:00:49","date_gmt":"2021-12-13T11:00:49","guid":{"rendered":"http:\/\/www.sincomam.org.br\/?p=36872"},"modified":"2021-12-13T01:17:16","modified_gmt":"2021-12-13T04:17:16","slug":"conectesus-deve-ser-restabelecido-ate-terca-feira","status":"publish","type":"post","link":"https:\/\/www.sincomam.org.br\/index.php\/conectesus-deve-ser-restabelecido-ate-terca-feira\/","title":{"rendered":"ConecteSus deve ser restabelecido at\u00e9 ter\u00e7a-feira"},"content":{"rendered":"<p>O ministro da Sa\u00fade, Marcelo Queiroga, afirmou que a &#8220;expectativa&#8221; \u00e9 restabelecer o ConectSUS \u2013 plataforma que mostra comprovantes de vacina\u00e7\u00e3o contra a Covid-19 \u2013 at\u00e9 a pr\u00f3xima ter\u00e7a-feira (14).<\/p>\n<p>&#8220;Acredito que at\u00e9 ter\u00e7a-feira, n\u00e9? Pelo menos essa \u00e9 a expectativa nossa&#8221;, disse Queiroga ao ser questionado sobre o retorno da plataforma. O ministro participou na noite deste domingo (12) do Congresso Brasileiro de Urologia, em Bras\u00edlia.<\/p>\n<p>Os sistemas do Minist\u00e9rio da Sa\u00fade foram invadidos por hackers na madrugada de sexta-feira (10). Com isso, o ConectSUS ficou indispon\u00edvel. O problema tamb\u00e9m afetou o sistema de notifica\u00e7\u00e3o de casos da doen\u00e7a.<\/p>\n<p>Neste domingo, o Minist\u00e9rio da Sa\u00fade informou que o\u00a0processo para recupera\u00e7\u00e3o dos registros dos brasileiros vacinados contra a Covid-19 foi finalizado, sem perda de informa\u00e7\u00f5es, mas n\u00e3o informou qual seria a data para restabelecimento dos sistemas.<\/p>\n<p>Queiroga disse que os hackers que invadiram e derrubaram os sistemas do Minist\u00e9rio da Sa\u00fade devem ser responsabilizados. &#8220;S\u00e3o pessoas criminosas e que precisam ser responsabilizadas por isso. [Caso] j\u00e1 est\u00e1 na Pol\u00edcia Federal pra que se tome as provid\u00eancias cab\u00edeis assim que se identificar [os respons\u00e1veis]&#8221;, disse o ministro.<\/p>\n<p>Ele falou, ainda, que o minist\u00e9rio trabalha para tornar o sistema mais seguro, mas que n\u00e3o existe seguran\u00e7a total. &#8220;N\u00f3s j\u00e1 sabemos que n\u00e3o houve perda de dados. Estamos trabalhando pra cada vez esse sistema ser mais seguro, [mas] n\u00e3o existe seguran\u00e7a total, porque essa gente toda hora arruma uma forma de burlar as seguran\u00e7as dos sistemas.&#8221;<\/p>\n<p>&nbsp;<\/p>\n<p>Fonte: G1<\/p>\n","protected":false},"excerpt":{"rendered":"<p>O ministro da Sa\u00fade, Marcelo Queiroga, afirmou que a &#8220;expectativa&#8221; \u00e9 restabelecer o ConectSUS \u2013 plataforma que mostra comprovantes de vacina\u00e7\u00e3o contra a Covid-19 \u2013&#8230;<\/p>\n","protected":false},"author":1527,"featured_media":36874,"comment_status":"closed","ping_status":"closed","sticky":false,"template":"","format":"standard","meta":{"footnotes":""},"categories":[6,1],"tags":[],"class_list":["post-36872","post","type-post","status-publish","format-standard","has-post-thumbnail","hentry","category-noticias","category-sem-categoria"],"_links":{"self":[{"href":"https:\/\/www.sincomam.org.br\/index.php\/wp-json\/wp\/v2\/posts\/36872","targetHints":{"allow":["GET"]}}],"collection":[{"href":"https:\/\/www.sincomam.org.br\/index.php\/wp-json\/wp\/v2\/posts"}],"about":[{"href":"https:\/\/www.sincomam.org.br\/index.php\/wp-json\/wp\/v2\/types\/post"}],"author":[{"embeddable":true,"href":"https:\/\/www.sincomam.org.br\/index.php\/wp-json\/wp\/v2\/users\/1527"}],"replies":[{"embeddable":true,"href":"https:\/\/www.sincomam.org.br\/index.php\/wp-json\/wp\/v2\/comments?post=36872"}],"version-history":[{"count":2,"href":"https:\/\/www.sincomam.org.br\/index.php\/wp-json\/wp\/v2\/posts\/36872\/revisions"}],"predecessor-version":[{"id":36875,"href":"https:\/\/www.sincomam.org.br\/index.php\/wp-json\/wp\/v2\/posts\/36872\/revisions\/36875"}],"wp:featuredmedia":[{"embeddable":true,"href":"https:\/\/www.sincomam.org.br\/index.php\/wp-json\/wp\/v2\/media\/36874"}],"wp:attachment":[{"href":"https:\/\/www.sincomam.org.br\/index.php\/wp-json\/wp\/v2\/media?parent=36872"}],"wp:term":[{"taxonomy":"category","embeddable":true,"href":"https:\/\/www.sincomam.org.br\/index.php\/wp-json\/wp\/v2\/categories?post=36872"},{"taxonomy":"post_tag","embeddable":true,"href":"https:\/\/www.sincomam.org.br\/index.php\/wp-json\/wp\/v2\/tags?post=36872"}],"curies":[{"name":"wp","href":"https:\/\/api.w.org\/{rel}","templated":true}]}}