{"id":36869,"date":"2021-12-13T08:00:12","date_gmt":"2021-12-13T11:00:12","guid":{"rendered":"http:\/\/www.sincomam.org.br\/?p=36869"},"modified":"2021-12-13T01:10:01","modified_gmt":"2021-12-13T04:10:01","slug":"ministro-barroso-determina-a-exigencia-de-comprovante-de-vacina-para-quem-vem-do-exterior-salvo-motivo-medico-ou-situacoes-excepcionais","status":"publish","type":"post","link":"https:\/\/www.sincomam.org.br\/index.php\/ministro-barroso-determina-a-exigencia-de-comprovante-de-vacina-para-quem-vem-do-exterior-salvo-motivo-medico-ou-situacoes-excepcionais\/","title":{"rendered":"Ministro Barroso determina a exig\u00eancia de comprovante de vacina para quem vem do exterior, salvo motivo m\u00e9dico ou situa\u00e7\u00f5es excepcionais"},"content":{"rendered":"<p>O ministro Lu\u00eds Roberto Barroso, do Supremo Tribunal Federal, determinou que o comprovante de vacina para viajante que chega do exterior no Brasil s\u00f3 pode ser dispensado por motivos m\u00e9dicos, caso o viajante venha de pa\u00eds em que comprovadamente n\u00e3o haja vacina dispon\u00edvel ou por raz\u00e3o humanit\u00e1ria excepcional.<\/p>\n<p>Barroso deferiu parcialmente cautelar pedida pelo partido Rede Sustentabilidade na Argui\u00e7\u00e3o de Descumprimento de Preceito Fundamental (ADPF) 913. A decis\u00e3o ser\u00e1 submetida a referendo do Plen\u00e1rio em sess\u00e3o virtual extraordin\u00e1ria com in\u00edcio \u00e0 0h da quarta-feira (15) e t\u00e9rmino \u00e0s 23h59 da quinta (16).<\/p>\n<p>Na decis\u00e3o, ele entendeu que h\u00e1 urg\u00eancia para o tema em raz\u00e3o do aumento de viagens no per\u00edodo que se aproxima e pelo risco de o Brasil se tornar um destino antivacina.<\/p>\n<p>\u201cO ingresso di\u00e1rio de milhares de viajantes no pa\u00eds, a aproxima\u00e7\u00e3o das festas de fim de ano, de eventos pr\u00e9-carnaval e do pr\u00f3prio carnaval, aptos a atrair grande quantitativo de turistas, e a amea\u00e7a de se promover um turismo antivacina, dada a imprecis\u00e3o das normas que exigem sua comprova\u00e7\u00e3o, configuram inequ\u00edvoco risco iminente, que autoriza o deferimento da cautelar.\u201d<\/p>\n<p>Na a\u00e7\u00e3o, a Rede pediu que o governo federal adotasse medidas recomendadas pela Ag\u00eancia Nacional de Vigil\u00e2ncia Sanit\u00e1ria (Anvisa) para ingresso no pa\u00eds a fim de conter a dissemina\u00e7\u00e3o da covid-19.<\/p>\n<p>Depois da a\u00e7\u00e3o, o governo editou a Portaria Interministerial 611\/2021, que passou a exigir, para o estrangeiro que chegar ao Brasil, o comprovante de vacina ou, alternativamente, quarentena de cinco dias seguida de teste negativo para o v\u00edrus antes de ser permitida a circula\u00e7\u00e3o em territ\u00f3rio nacional.<\/p>\n<p>Ao analisar o caso, o ministro lembrou que o Supremo Tribunal Federal tem obriga\u00e7\u00e3o constitucional de proteger os direitos fundamentais \u00e0 vida e \u00e0 sa\u00fade. \u201cJ\u00e1 s\u00e3o mais de 600 mil vidas perdidas e ainda persistem atitudes negacionistas\u201d, completou Barroso. Ele lembrou das diversas decis\u00f5es j\u00e1 tomadas pelo STF durante a pandemia, como a que estipulou vacina\u00e7\u00e3o obrigat\u00f3ria com possibilidade de impor restri\u00e7\u00f5es a quem se recusar.<\/p>\n<p>Para o ministro, a portaria interministerial atende em parte \u00e0s recomenda\u00e7\u00f5es da Anvisa em rela\u00e7\u00e3o aos viajantes, mas o texto \u201capresenta ambiguidades e imprecis\u00f5es que podem dar ensejo a interpreta\u00e7\u00f5es divergentes, em detrimento dos direitos constitucionais \u00e0 vida e \u00e0 sa\u00fade em quest\u00e3o\u201d.<\/p>\n<p>Ele completou que permitir a livre op\u00e7\u00e3o entre comprovante de vacina e quarentena seguida de teste &#8220;cria situa\u00e7\u00e3o de absoluto descontrole e de consequente inefic\u00e1cia da norma&#8221;.<\/p>\n<p>Barroso decidiu que a portaria sobre os viajantes que chegam ao Brasil deve ser interpretada nos termos das notas t\u00e9cnicas n\u00bas 112 e 113\/2021, expedidas pela Anvisa, e levando em conta que a substitui\u00e7\u00e3o do comprovante de vacina\u00e7\u00e3o pela alternativa da quarentena somente se aplica: 1- aos viajantes considerados n\u00e3o eleg\u00edveis para vacina\u00e7\u00e3o, de acordo com os crit\u00e9rios m\u00e9dicos vigentes; 2- que sejam provenientes de pa\u00edses em que, comprovadamente, n\u00e3o existia vacina\u00e7\u00e3o dispon\u00edvel com amplo alcance; 3- por motivos humanit\u00e1rios excepcionais.<\/p>\n<p>A decis\u00e3o do ministro Barroso vale a partir de quando os \u00f3rg\u00e3os envolvidos forem notificados. A comunica\u00e7\u00e3o oficial deve sair do STF na segunda-feira (13).<\/p>\n<p>&nbsp;<\/p>\n<p>Fonte: STF<\/p>\n","protected":false},"excerpt":{"rendered":"<p>O ministro Lu\u00eds Roberto Barroso, do Supremo Tribunal Federal, determinou que o comprovante de vacina para viajante que chega do exterior no Brasil s\u00f3 pode&#8230;<\/p>\n","protected":false},"author":1527,"featured_media":36870,"comment_status":"closed","ping_status":"closed","sticky":false,"template":"","format":"standard","meta":{"footnotes":""},"categories":[6],"tags":[],"class_list":["post-36869","post","type-post","status-publish","format-standard","has-post-thumbnail","hentry","category-noticias"],"_links":{"self":[{"href":"https:\/\/www.sincomam.org.br\/index.php\/wp-json\/wp\/v2\/posts\/36869","targetHints":{"allow":["GET"]}}],"collection":[{"href":"https:\/\/www.sincomam.org.br\/index.php\/wp-json\/wp\/v2\/posts"}],"about":[{"href":"https:\/\/www.sincomam.org.br\/index.php\/wp-json\/wp\/v2\/types\/post"}],"author":[{"embeddable":true,"href":"https:\/\/www.sincomam.org.br\/index.php\/wp-json\/wp\/v2\/users\/1527"}],"replies":[{"embeddable":true,"href":"https:\/\/www.sincomam.org.br\/index.php\/wp-json\/wp\/v2\/comments?post=36869"}],"version-history":[{"count":1,"href":"https:\/\/www.sincomam.org.br\/index.php\/wp-json\/wp\/v2\/posts\/36869\/revisions"}],"predecessor-version":[{"id":36871,"href":"https:\/\/www.sincomam.org.br\/index.php\/wp-json\/wp\/v2\/posts\/36869\/revisions\/36871"}],"wp:featuredmedia":[{"embeddable":true,"href":"https:\/\/www.sincomam.org.br\/index.php\/wp-json\/wp\/v2\/media\/36870"}],"wp:attachment":[{"href":"https:\/\/www.sincomam.org.br\/index.php\/wp-json\/wp\/v2\/media?parent=36869"}],"wp:term":[{"taxonomy":"category","embeddable":true,"href":"https:\/\/www.sincomam.org.br\/index.php\/wp-json\/wp\/v2\/categories?post=36869"},{"taxonomy":"post_tag","embeddable":true,"href":"https:\/\/www.sincomam.org.br\/index.php\/wp-json\/wp\/v2\/tags?post=36869"}],"curies":[{"name":"wp","href":"https:\/\/api.w.org\/{rel}","templated":true}]}}