{"id":36859,"date":"2021-12-10T10:34:09","date_gmt":"2021-12-10T13:34:09","guid":{"rendered":"http:\/\/www.sincomam.org.br\/?p=36859"},"modified":"2021-12-10T10:39:29","modified_gmt":"2021-12-10T13:39:29","slug":"rio-retoma-vacinacao-contra-a-gripe-para-conter-epidemia","status":"publish","type":"post","link":"https:\/\/www.sincomam.org.br\/index.php\/rio-retoma-vacinacao-contra-a-gripe-para-conter-epidemia\/","title":{"rendered":"Rio retoma vacina\u00e7\u00e3o contra a gripe para conter epidemia"},"content":{"rendered":"<p>Depois de ficar sete dias sem doses da vacina contra a gripe, a cidade do Rio de Janeiro volta a imunizar a popula\u00e7\u00e3o.\u00a0Toda a popula\u00e7\u00e3o deve se vacinar com as doses que estar\u00e3o dispon\u00edveis nas Cl\u00ednicas da Fam\u00edlia e nos Centros Municipais de Sa\u00fade (veja onde tomar a vacina).\u00a0Na quarta-feira (8), o Rio de Janeiro recebeu 100 mil doses do Minist\u00e9rio da Sa\u00fade. No s\u00e1bado (11), mais 400 mil doses, doadas pelo Butantan, chegam \u00e0 capital, segundo o prefeito Eduardo Paes.<\/p>\n<p>O Rio de Janeiro enfrenta uma epidemia de gripe e o n\u00famero de pacientes com os sintomas est\u00e1 quatro vezes maior que o normal.\u00a0Nesta sexta-feira (10), a Secretaria Municipal de Sa\u00fade (SMS) inaugura o terceiro centro de atendimento a pacientes com s\u00edndrome gripal, refor\u00e7ando a assist\u00eancia \u00e0 popula\u00e7\u00e3o. A unidade funcionar\u00e1 na Vila Ol\u00edmpica Felix Miele Venerando, em Hon\u00f3rio Gurgel.<\/p>\n<p>Outros dois centros j\u00e1 funcionam na cidade. Um fica no Parque Ol\u00edmpico, com estimativa de at\u00e9 500 pacientes por dia. O outro funciona na Vila Ol\u00edmpica do Alem\u00e3o. O polo atendeu 496 pessoas at\u00e9 as 17h do seu primeiro dia de funcionamento, na quarta-feira (8).<\/p>\n<p>Os centros de atendimento \u00e0 gripe funcionam de segunda-feira a domingo, das 8h \u00e0s 17h, assistindo pessoas com sintomas como febre, calafrio, tosse, coriza, dor de garganta, dor de cabe\u00e7a, altera\u00e7\u00e3o no olfato e\/ou paladar, al\u00e9m de realizar testagem para Covid-19, conforme indica\u00e7\u00e3o m\u00e9dica.<\/p>\n<p>Fonte: Ag\u00eancia Brasil<\/p>\n","protected":false},"excerpt":{"rendered":"<p>Depois de ficar sete dias sem doses da vacina contra a gripe, a cidade do Rio de Janeiro volta a imunizar a popula\u00e7\u00e3o.\u00a0Toda a popula\u00e7\u00e3o&#8230;<\/p>\n","protected":false},"author":1527,"featured_media":36860,"comment_status":"closed","ping_status":"closed","sticky":false,"template":"","format":"standard","meta":{"footnotes":""},"categories":[6],"tags":[],"class_list":["post-36859","post","type-post","status-publish","format-standard","has-post-thumbnail","hentry","category-noticias"],"_links":{"self":[{"href":"https:\/\/www.sincomam.org.br\/index.php\/wp-json\/wp\/v2\/posts\/36859","targetHints":{"allow":["GET"]}}],"collection":[{"href":"https:\/\/www.sincomam.org.br\/index.php\/wp-json\/wp\/v2\/posts"}],"about":[{"href":"https:\/\/www.sincomam.org.br\/index.php\/wp-json\/wp\/v2\/types\/post"}],"author":[{"embeddable":true,"href":"https:\/\/www.sincomam.org.br\/index.php\/wp-json\/wp\/v2\/users\/1527"}],"replies":[{"embeddable":true,"href":"https:\/\/www.sincomam.org.br\/index.php\/wp-json\/wp\/v2\/comments?post=36859"}],"version-history":[{"count":2,"href":"https:\/\/www.sincomam.org.br\/index.php\/wp-json\/wp\/v2\/posts\/36859\/revisions"}],"predecessor-version":[{"id":36863,"href":"https:\/\/www.sincomam.org.br\/index.php\/wp-json\/wp\/v2\/posts\/36859\/revisions\/36863"}],"wp:featuredmedia":[{"embeddable":true,"href":"https:\/\/www.sincomam.org.br\/index.php\/wp-json\/wp\/v2\/media\/36860"}],"wp:attachment":[{"href":"https:\/\/www.sincomam.org.br\/index.php\/wp-json\/wp\/v2\/media?parent=36859"}],"wp:term":[{"taxonomy":"category","embeddable":true,"href":"https:\/\/www.sincomam.org.br\/index.php\/wp-json\/wp\/v2\/categories?post=36859"},{"taxonomy":"post_tag","embeddable":true,"href":"https:\/\/www.sincomam.org.br\/index.php\/wp-json\/wp\/v2\/tags?post=36859"}],"curies":[{"name":"wp","href":"https:\/\/api.w.org\/{rel}","templated":true}]}}