{"id":36854,"date":"2021-12-10T10:13:30","date_gmt":"2021-12-10T13:13:30","guid":{"rendered":"http:\/\/www.sincomam.org.br\/?p=36854"},"modified":"2021-12-10T10:38:05","modified_gmt":"2021-12-10T13:38:05","slug":"chegada-de-cruzeiros-nos-portos-de-salvador-e-ilheus-marca-retomada-das-atividades","status":"publish","type":"post","link":"https:\/\/www.sincomam.org.br\/index.php\/chegada-de-cruzeiros-nos-portos-de-salvador-e-ilheus-marca-retomada-das-atividades\/","title":{"rendered":"Chegada de cruzeiros nos Portos de Salvador e Ilh\u00e9us marca retomada das atividades"},"content":{"rendered":"<p>A chegada da embarca\u00e7\u00e3o MSC &#8220;Seaside&#8221; abriu as atividades tur\u00edsticas no Porto de Salvador, suspensas em decorr\u00eancia da pandemia da Covid-19. O cruzeiro, o maior da temporada brasileira, partiu de Ilha Grande (RJ) e atracou no Terminal de Passageiros da capital baiana, com 4.265 passageiros a bordo.<\/p>\n<p>Al\u00e9m do MSC &#8220;Seaside&#8221;, ainda est\u00e3o previstas 63 embarca\u00e7\u00f5es para 2021\/2022, resultando em uma estimativa de chegada de 170 mil turistas em Salvador. Os navios seguem todos os protocolos de sa\u00fade estabelecidos pela Anvisa, como, por exemplo, um terminal organizado para seguran\u00e7a dos passageiros, a desinfec\u00e7\u00e3o das \u00e1reas, al\u00e9m do comprovante de vacina\u00e7\u00e3o e exame PCR-RT.<\/p>\n<p>J\u00e1 no Porto de Ilh\u00e9us, a chegada do navio MSC &#8220;Prezioza&#8221;, nesta quinta-feira (9), com aproximadamente 3.000 passageiros a bordo, marcou a abertura da temporada de cruzeiros na Costa do Cacau. O trecho do litoral sul da Bahia, localizado a cerca de 450 quil\u00f4metros de Salvador, \u00e9 composto pelos munic\u00edpios de Itacar\u00e9, Uru\u00e7uca, Ilh\u00e9us, Itabuna, Oliven\u00e7a, Una, Santa Luzia e Canavieiras.<\/p>\n<p>O cruzeiro ainda tem previs\u00e3o para retornar a Ilh\u00e9us nos dias 16, 21 e 29 de dezembro. At\u00e9 abril de 2022, cerca de 35 atraca\u00e7\u00f5es est\u00e3o previstas, com passageiros vindos de diversas localidades do Brasil, como Natal (RN), Rio de Janeiro (RJ), Macei\u00f3 (AL) e Santos (SP).<\/p>\n<p>Fonte: Portos e Navios<\/p>\n","protected":false},"excerpt":{"rendered":"<p>A chegada da embarca\u00e7\u00e3o MSC &#8220;Seaside&#8221; abriu as atividades tur\u00edsticas no Porto de Salvador, suspensas em decorr\u00eancia da pandemia da Covid-19. O cruzeiro, o maior&#8230;<\/p>\n","protected":false},"author":1527,"featured_media":36855,"comment_status":"closed","ping_status":"closed","sticky":false,"template":"","format":"standard","meta":{"footnotes":""},"categories":[6],"tags":[],"class_list":["post-36854","post","type-post","status-publish","format-standard","has-post-thumbnail","hentry","category-noticias"],"_links":{"self":[{"href":"https:\/\/www.sincomam.org.br\/index.php\/wp-json\/wp\/v2\/posts\/36854","targetHints":{"allow":["GET"]}}],"collection":[{"href":"https:\/\/www.sincomam.org.br\/index.php\/wp-json\/wp\/v2\/posts"}],"about":[{"href":"https:\/\/www.sincomam.org.br\/index.php\/wp-json\/wp\/v2\/types\/post"}],"author":[{"embeddable":true,"href":"https:\/\/www.sincomam.org.br\/index.php\/wp-json\/wp\/v2\/users\/1527"}],"replies":[{"embeddable":true,"href":"https:\/\/www.sincomam.org.br\/index.php\/wp-json\/wp\/v2\/comments?post=36854"}],"version-history":[{"count":2,"href":"https:\/\/www.sincomam.org.br\/index.php\/wp-json\/wp\/v2\/posts\/36854\/revisions"}],"predecessor-version":[{"id":36862,"href":"https:\/\/www.sincomam.org.br\/index.php\/wp-json\/wp\/v2\/posts\/36854\/revisions\/36862"}],"wp:featuredmedia":[{"embeddable":true,"href":"https:\/\/www.sincomam.org.br\/index.php\/wp-json\/wp\/v2\/media\/36855"}],"wp:attachment":[{"href":"https:\/\/www.sincomam.org.br\/index.php\/wp-json\/wp\/v2\/media?parent=36854"}],"wp:term":[{"taxonomy":"category","embeddable":true,"href":"https:\/\/www.sincomam.org.br\/index.php\/wp-json\/wp\/v2\/categories?post=36854"},{"taxonomy":"post_tag","embeddable":true,"href":"https:\/\/www.sincomam.org.br\/index.php\/wp-json\/wp\/v2\/tags?post=36854"}],"curies":[{"name":"wp","href":"https:\/\/api.w.org\/{rel}","templated":true}]}}