{"id":36838,"date":"2021-12-10T09:43:43","date_gmt":"2021-12-10T12:43:43","guid":{"rendered":"http:\/\/www.sincomam.org.br\/?p=36838"},"modified":"2021-12-10T10:27:44","modified_gmt":"2021-12-10T13:27:44","slug":"auxilio-brasil-2a-parcela-comeca-a-ser-paga-veja-quem-recebe","status":"publish","type":"post","link":"https:\/\/www.sincomam.org.br\/index.php\/auxilio-brasil-2a-parcela-comeca-a-ser-paga-veja-quem-recebe\/","title":{"rendered":"Aux\u00edlio Brasil: 2\u00aa parcela come\u00e7a a ser paga; veja quem recebe"},"content":{"rendered":"<p>O governo federal come\u00e7ou a pagar nesta sexta-feira (10) a segunda parcela do Aux\u00edlio Brasil. Os primeiros a receber, j\u00e1 nesta sexta, s\u00e3o os benefici\u00e1rios com final de N\u00famero de Inscri\u00e7\u00e3o Social (NIS) 1. Os pagamentos v\u00e3o at\u00e9 o dia 23 de dezembro. O pagamento m\u00ednimo de R$ 400 por fam\u00edlia este m\u00eas foi garantido por meio de uma Medida Provis\u00f3ria editada na ter\u00e7a-feira (7). N\u00e3o h\u00e1 garantia, no entanto, que o complemento ser\u00e1 pago nos pr\u00f3ximos meses. Al\u00e9m disso, o benef\u00edcio n\u00e3o vai chegar este m\u00eas para 17 milh\u00f5es de benefici\u00e1rios, como foi prometido pelo governo\u00a0Jair Bolsonaro. V\u00e3o receber o benef\u00edcio este m\u00eas cerca de 13 milh\u00f5es de pessoas.<\/p>\n<p>O Aux\u00edlio Brasil come\u00e7ou a ser pago em novembro para as 14,5 milh\u00f5es de fam\u00edlias benefici\u00e1rias do Bolsa Fam\u00edlia, que foi extinto. O valor m\u00e9dio em novembro foi de R$ 224,41 por fam\u00edlia.<\/p>\n<p><strong>Quanto vou receber?<\/strong><br \/>\nTodas as fam\u00edlias que recebiam menos de R$ 400 no Aux\u00edlio Brasil receber\u00e3o um complemento at\u00e9 alcan\u00e7ar esse valor. De acordo com o Minist\u00e9rio da Cidadania, 13 milh\u00f5es de fam\u00edlias ser\u00e3o beneficiadas pela parcela de R$ 400 neste m\u00eas de dezembro.<\/p>\n<p><strong>Quando vou receber?<\/strong><br \/>\nO pagamento no valor m\u00ednimo de R$ 400 ser\u00e1 feito a partir do dia 10 deste m\u00eas, de acordo com o calend\u00e1rio do Aux\u00edlio Brasil, levando em conta o fim do NIS do benefici\u00e1rio.<\/p>\n<p><strong>Quem j\u00e1 recebia a partir de R$ 400 tamb\u00e9m ser\u00e1 beneficiado?<\/strong><br \/>\nN\u00e3o, quem recebia acima de R$ 400 n\u00e3o ter\u00e1 direito a qualquer complementa\u00e7\u00e3o neste m\u00eas de dezembro.<\/p>\n<p><strong>Recebi menos de R$ 400 em novembro, o complemento ser\u00e1 pago tamb\u00e9m sobre essa parcela?<\/strong><br \/>\nN\u00e3o, o pagamento do complemento para chegar aos R$ 400 ser\u00e1 pago apenas no m\u00eas de dezembro. N\u00e3o haver\u00e1 pagamento retroativo.<\/p>\n<p><strong>Como ficam os pagamentos de 2022?<\/strong><br \/>\nDe acordo com a Medida Provis\u00f3ria, o governo poder\u00e1 prorrogar para o ano de 2022 o complemento para chegar aos R$ 400, mas isso depende de disponibilidade or\u00e7ament\u00e1ria e financeira.<br \/>\nIsso porque, para pagar a complementa\u00e7\u00e3o de forma &#8220;oficial&#8221;, o governo precisa de um espa\u00e7o no Or\u00e7amento que s\u00f3 ser\u00e1 aberto com a promulga\u00e7\u00e3o da PEC dos Precat\u00f3rios.<\/p>\n<p><strong>Se n\u00e3o for poss\u00edvel manter o valor de R$ 400, como fica meu benef\u00edcio?<\/strong><br \/>\nSe o governo n\u00e3o tiver dinheiro para manter o pagamento m\u00ednimo de R$ 400 no ano que vem, a parcela do Aux\u00edlio Brasil voltar\u00e1 ao valor que o benefici\u00e1rio recebeu em novembro, cujo valor m\u00e9dio foi de R$ 224,41 por fam\u00edlia, corre\u00e7\u00e3o de cerca de 18% em rela\u00e7\u00e3o ao que era pago pelo Bolsa Fam\u00edlia.<\/p>\n<p><strong>EM RESUMO:<\/strong><br \/>\nSe j\u00e1 tinha o Bolsa Fam\u00edlia:\u00a0Aux\u00edlio Brasil ser\u00e1 pago automaticamente este m\u00eas<br \/>\nSe est\u00e1 no Cad\u00danico, mas n\u00e3o recebia o Bolsa Fam\u00edlia:\u00a0vai para a lista de reserva, e pode receber o Aux\u00edlio Brasil no futuro, caso se enquadre nas regras do programa<br \/>\nSe n\u00e3o est\u00e1 no Cad\u00danico:\u00a0\u00e9 preciso buscar um Cras para registro, sem garantia de receber<\/p>\n<p>Fonte: G1<\/p>\n","protected":false},"excerpt":{"rendered":"<p>O governo federal come\u00e7ou a pagar nesta sexta-feira (10) a segunda parcela do Aux\u00edlio Brasil. Os primeiros a receber, j\u00e1 nesta sexta, s\u00e3o os benefici\u00e1rios&#8230;<\/p>\n","protected":false},"author":1527,"featured_media":36756,"comment_status":"closed","ping_status":"closed","sticky":false,"template":"","format":"standard","meta":{"footnotes":""},"categories":[6],"tags":[],"class_list":["post-36838","post","type-post","status-publish","format-standard","has-post-thumbnail","hentry","category-noticias"],"_links":{"self":[{"href":"https:\/\/www.sincomam.org.br\/index.php\/wp-json\/wp\/v2\/posts\/36838","targetHints":{"allow":["GET"]}}],"collection":[{"href":"https:\/\/www.sincomam.org.br\/index.php\/wp-json\/wp\/v2\/posts"}],"about":[{"href":"https:\/\/www.sincomam.org.br\/index.php\/wp-json\/wp\/v2\/types\/post"}],"author":[{"embeddable":true,"href":"https:\/\/www.sincomam.org.br\/index.php\/wp-json\/wp\/v2\/users\/1527"}],"replies":[{"embeddable":true,"href":"https:\/\/www.sincomam.org.br\/index.php\/wp-json\/wp\/v2\/comments?post=36838"}],"version-history":[{"count":7,"href":"https:\/\/www.sincomam.org.br\/index.php\/wp-json\/wp\/v2\/posts\/36838\/revisions"}],"predecessor-version":[{"id":36847,"href":"https:\/\/www.sincomam.org.br\/index.php\/wp-json\/wp\/v2\/posts\/36838\/revisions\/36847"}],"wp:featuredmedia":[{"embeddable":true,"href":"https:\/\/www.sincomam.org.br\/index.php\/wp-json\/wp\/v2\/media\/36756"}],"wp:attachment":[{"href":"https:\/\/www.sincomam.org.br\/index.php\/wp-json\/wp\/v2\/media?parent=36838"}],"wp:term":[{"taxonomy":"category","embeddable":true,"href":"https:\/\/www.sincomam.org.br\/index.php\/wp-json\/wp\/v2\/categories?post=36838"},{"taxonomy":"post_tag","embeddable":true,"href":"https:\/\/www.sincomam.org.br\/index.php\/wp-json\/wp\/v2\/tags?post=36838"}],"curies":[{"name":"wp","href":"https:\/\/api.w.org\/{rel}","templated":true}]}}