{"id":36835,"date":"2021-12-10T09:35:09","date_gmt":"2021-12-10T12:35:09","guid":{"rendered":"http:\/\/www.sincomam.org.br\/?p=36835"},"modified":"2021-12-10T09:35:09","modified_gmt":"2021-12-10T12:35:09","slug":"proposta-de-reforma-blinda-bens-de-socios-de-dividas-trabalhistas-de-empresas","status":"publish","type":"post","link":"https:\/\/www.sincomam.org.br\/index.php\/proposta-de-reforma-blinda-bens-de-socios-de-dividas-trabalhistas-de-empresas\/","title":{"rendered":"Proposta de reforma blinda bens de s\u00f3cios de d\u00edvidas trabalhistas de empresas"},"content":{"rendered":"<p>Proposta de reforma trabalhista feita a pedido do governo Jair Bolsonaro (PL) limita o uso de bens pessoais de um s\u00f3cio de uma empresa para o pagamento de d\u00edvidas trabalhistas da companhia.\u00a0Al\u00e9m disso, o estudo elaborado por especialistas sugere um regime alternativo \u00e0 CLT (Consolida\u00e7\u00e3o das Leis do Trabalho). A Constitui\u00e7\u00e3o passaria a autorizar regras mais flex\u00edveis, a serem definidas em lei.<\/p>\n<p>As propostas foram elaboradas pelo Gaet (Grupo de Altos Estudos do Trabalho) para subsidiar uma reforma trabalhista. \u00c9 apresentada tamb\u00e9m uma reforma sindical.\u00a0No s\u00e1bado (4), a Folha mostrou que entre as sugest\u00f5es est\u00e3o a libera\u00e7\u00e3o do trabalho aos domingos e a proibi\u00e7\u00e3o de reconhecimento de v\u00ednculo de emprego entre prestadores de servi\u00e7o e aplicativos.<\/p>\n<p>Especialistas defendem ainda, conforme reportagem de domingo (5), o locaute \u2014esp\u00e9cie de greve das empresas\u2014, hoje proibido, e a redu\u00e7\u00e3o do poder da Justi\u00e7a do Trabalho.\u00a0Hoje, o patrim\u00f4nio do s\u00f3cio pode ser usado para pagar d\u00edvida da empresa de acordo com regras previstas no C\u00f3digo Civil, mais limitado, ou no CDC (C\u00f3digo de Defesa do Consumidor), mais abrangente.<\/p>\n<p>Magistrados do trabalho, quando n\u00e3o prevista uma regra espec\u00edfica para o caso que julgam, recorrem a leis gerais para fundamentar suas decis\u00f5es.\u00a0Pelo artigo 50 do C\u00f3digo Civil, s\u00e3o duas as situa\u00e7\u00f5es em que o juiz poder\u00e1 evocar a chamada desconsidera\u00e7\u00e3o da personalidade jur\u00eddica \u2014quando s\u00f3cios ou administradores s\u00e3o responsabilizados pelas d\u00edvidas de suas empresas. A primeira delas \u00e9 em caso de desvio de finalidade, e a segunda, de confus\u00e3o patrimonial.<\/p>\n<p>Fonte: Folha de S\u00e3o Paulo<\/p>\n","protected":false},"excerpt":{"rendered":"<p>Proposta de reforma trabalhista feita a pedido do governo Jair Bolsonaro (PL) limita o uso de bens pessoais de um s\u00f3cio de uma empresa para&#8230;<\/p>\n","protected":false},"author":1527,"featured_media":33054,"comment_status":"closed","ping_status":"closed","sticky":false,"template":"","format":"standard","meta":{"footnotes":""},"categories":[6],"tags":[],"class_list":["post-36835","post","type-post","status-publish","format-standard","has-post-thumbnail","hentry","category-noticias"],"_links":{"self":[{"href":"https:\/\/www.sincomam.org.br\/index.php\/wp-json\/wp\/v2\/posts\/36835","targetHints":{"allow":["GET"]}}],"collection":[{"href":"https:\/\/www.sincomam.org.br\/index.php\/wp-json\/wp\/v2\/posts"}],"about":[{"href":"https:\/\/www.sincomam.org.br\/index.php\/wp-json\/wp\/v2\/types\/post"}],"author":[{"embeddable":true,"href":"https:\/\/www.sincomam.org.br\/index.php\/wp-json\/wp\/v2\/users\/1527"}],"replies":[{"embeddable":true,"href":"https:\/\/www.sincomam.org.br\/index.php\/wp-json\/wp\/v2\/comments?post=36835"}],"version-history":[{"count":1,"href":"https:\/\/www.sincomam.org.br\/index.php\/wp-json\/wp\/v2\/posts\/36835\/revisions"}],"predecessor-version":[{"id":36837,"href":"https:\/\/www.sincomam.org.br\/index.php\/wp-json\/wp\/v2\/posts\/36835\/revisions\/36837"}],"wp:featuredmedia":[{"embeddable":true,"href":"https:\/\/www.sincomam.org.br\/index.php\/wp-json\/wp\/v2\/media\/33054"}],"wp:attachment":[{"href":"https:\/\/www.sincomam.org.br\/index.php\/wp-json\/wp\/v2\/media?parent=36835"}],"wp:term":[{"taxonomy":"category","embeddable":true,"href":"https:\/\/www.sincomam.org.br\/index.php\/wp-json\/wp\/v2\/categories?post=36835"},{"taxonomy":"post_tag","embeddable":true,"href":"https:\/\/www.sincomam.org.br\/index.php\/wp-json\/wp\/v2\/tags?post=36835"}],"curies":[{"name":"wp","href":"https:\/\/api.w.org\/{rel}","templated":true}]}}