{"id":36819,"date":"2021-12-09T08:59:32","date_gmt":"2021-12-09T11:59:32","guid":{"rendered":"http:\/\/www.sincomam.org.br\/?p=36819"},"modified":"2021-12-09T09:06:33","modified_gmt":"2021-12-09T12:06:33","slug":"covid-19-anvisa-aprova-medidas-sanitarias-para-navios-de-carga","status":"publish","type":"post","link":"https:\/\/www.sincomam.org.br\/index.php\/covid-19-anvisa-aprova-medidas-sanitarias-para-navios-de-carga\/","title":{"rendered":"Covid-19: Anvisa aprova medidas sanit\u00e1rias para navios de carga"},"content":{"rendered":"<p>A diretoria colegiada da Ag\u00eancia Nacional de Vigil\u00e2ncia Sanit\u00e1ria (Anvisa) aprovou nesta\u00a0<span id=\"OBJ_PREFIX_DWT140_com_zimbra_date\" role=\"link\">quarta<\/span>-feira (8), por unanimidade, uma proposta que trata de medidas sanit\u00e1rias para a opera\u00e7\u00e3o e para o embarque e desembarque de plataformas e de embarca\u00e7\u00f5es de carga em portos brasileiros.<img decoding=\"async\" src=\"https:\/\/agenciabrasil.ebc.com.br\/ebc.png?id=1431045&amp;o=node\" \/><img decoding=\"async\" src=\"https:\/\/agenciabrasil.ebc.com.br\/ebc.gif?id=1431045&amp;o=node\" \/><\/p>\n<p>Por meio de nota, a Anvisa informou que\u00a0o objetivo \u00e9 refor\u00e7ar a\u00e7\u00f5es de enfrentamento \u00e0 covid-19 no pa\u00eds, sobretudo diante da circula\u00e7\u00e3o da variante \u00d4micron, com aten\u00e7\u00e3o especial ao embarque e desembarque de tripulantes nos portos brasileiros.<\/p>\n<h2>Comprovante de vacina<\/h2>\n<p>De acordo com o texto aprovado, antes de\u00a0dar acesso a embarca\u00e7\u00f5es e plataformas, os respons\u00e1veis legais dever\u00e3o exigir de tripulantes, fornecedores e profissionais da comunidade portu\u00e1ria o cumprimento de v\u00e1rios requisitos sanit\u00e1rios, incluindo a apresenta\u00e7\u00e3o de comprovante de vacina\u00e7\u00e3o completa contra a covid-19.<\/p>\n<p>Para o relator da mat\u00e9ria, diretor Alex Machado Campos, a ag\u00eancia considerou a imuniza\u00e7\u00e3o \u201cprinc\u00edpio balizador das medidas sanit\u00e1rias para a opera\u00e7\u00e3o e para o embarque e desembarque de plataformas situadas em \u00e1guas jurisdicionais brasileiras e de embarca\u00e7\u00f5es de carga\u201d.<\/p>\n<h2>Testagem e sintomas<\/h2>\n<p>Tamb\u00e9m dever\u00e1 ser exigida a comprova\u00e7\u00e3o da realiza\u00e7\u00e3o de teste laboratorial do tipo RT-PCR ou RT-LAMP (testes moleculares usados para diagn\u00f3stico) com resultado negativo, realizado 72 horas antes do momento do embarque. Poder\u00e1 ser aceito\u00a0resultado n\u00e3o reagente por teste r\u00e1pido de ant\u00edgeno (IgG e\u00a0IgM) feito com 24 horas de anteced\u00eancia da viagem.<\/p>\n<p>Al\u00e9m disso, a norma prev\u00ea a realiza\u00e7\u00e3o de triagem pr\u00e9-embarque para identifica\u00e7\u00e3o de sintomas da doen\u00e7a.<\/p>\n<h2>Medidas sanit\u00e1rias<\/h2>\n<p>A proposta trata ainda de medidas preventivas \u00e0 covid-19 j\u00e1 amplamente divulgadas, como a higieniza\u00e7\u00e3o das m\u00e3os, o distanciamento social e o uso de m\u00e1scaras faciais. Tamb\u00e9m h\u00e1 itens relacionados a protocolos de limpeza, desinfec\u00e7\u00e3o e de gerenciamento de res\u00edduos s\u00f3lidos nas embarca\u00e7\u00f5es.<\/p>\n<h2>Notifica\u00e7\u00e3o de casos<\/h2>\n<p>O texto prev\u00ea o estabelecimento de planos de conting\u00eancia e a notifica\u00e7\u00e3o de casos suspeitos e\u00a0con\ufb01rmados\u00a0da doen\u00e7a \u00e0 Anvisa. De acordo com a norma, ap\u00f3s a identifica\u00e7\u00e3o de um caso nas embarca\u00e7\u00f5es, todos a bordo ser\u00e3o considerados contatos do caso confirmado e passar\u00e3o a ser monitorados.<\/p>\n<h2>Mudan\u00e7a de tripula\u00e7\u00e3o e quarentena<\/h2>\n<p>O anexo da proposta da Anvisa traz op\u00e7\u00f5es envolvendo mudan\u00e7a da tripula\u00e7\u00e3o, quarentena em trabalho ou quarentena da embarca\u00e7\u00e3o para gerenciar embarca\u00e7\u00f5es com um ou mais casos de covid-19.<\/p>\n<p>Os itens ser\u00e3o de escolha facultada ao respons\u00e1vel legal pela embarca\u00e7\u00e3o, que deve levar em considera\u00e7\u00e3o a localiza\u00e7\u00e3o do porto, o itiner\u00e1rio, a disponibilidade de tripula\u00e7\u00e3o alternativa e a capacidade operacional e de log\u00edstica necess\u00e1rias. A op\u00e7\u00e3o escolhida deve ser previamente aprovada pela unidade da ag\u00eancia respons\u00e1vel pelo porto.<\/p>\n<p>&nbsp;<\/p>\n<p>Fonte: Ag\u00eancia Brasil<\/p>\n","protected":false},"excerpt":{"rendered":"<p>A diretoria colegiada da Ag\u00eancia Nacional de Vigil\u00e2ncia Sanit\u00e1ria (Anvisa) aprovou nesta\u00a0quarta-feira (8), por unanimidade, uma proposta que trata de medidas sanit\u00e1rias para a opera\u00e7\u00e3o&#8230;<\/p>\n","protected":false},"author":1527,"featured_media":33398,"comment_status":"closed","ping_status":"closed","sticky":false,"template":"","format":"standard","meta":{"footnotes":""},"categories":[6],"tags":[],"class_list":["post-36819","post","type-post","status-publish","format-standard","has-post-thumbnail","hentry","category-noticias"],"_links":{"self":[{"href":"https:\/\/www.sincomam.org.br\/index.php\/wp-json\/wp\/v2\/posts\/36819","targetHints":{"allow":["GET"]}}],"collection":[{"href":"https:\/\/www.sincomam.org.br\/index.php\/wp-json\/wp\/v2\/posts"}],"about":[{"href":"https:\/\/www.sincomam.org.br\/index.php\/wp-json\/wp\/v2\/types\/post"}],"author":[{"embeddable":true,"href":"https:\/\/www.sincomam.org.br\/index.php\/wp-json\/wp\/v2\/users\/1527"}],"replies":[{"embeddable":true,"href":"https:\/\/www.sincomam.org.br\/index.php\/wp-json\/wp\/v2\/comments?post=36819"}],"version-history":[{"count":1,"href":"https:\/\/www.sincomam.org.br\/index.php\/wp-json\/wp\/v2\/posts\/36819\/revisions"}],"predecessor-version":[{"id":36820,"href":"https:\/\/www.sincomam.org.br\/index.php\/wp-json\/wp\/v2\/posts\/36819\/revisions\/36820"}],"wp:featuredmedia":[{"embeddable":true,"href":"https:\/\/www.sincomam.org.br\/index.php\/wp-json\/wp\/v2\/media\/33398"}],"wp:attachment":[{"href":"https:\/\/www.sincomam.org.br\/index.php\/wp-json\/wp\/v2\/media?parent=36819"}],"wp:term":[{"taxonomy":"category","embeddable":true,"href":"https:\/\/www.sincomam.org.br\/index.php\/wp-json\/wp\/v2\/categories?post=36819"},{"taxonomy":"post_tag","embeddable":true,"href":"https:\/\/www.sincomam.org.br\/index.php\/wp-json\/wp\/v2\/tags?post=36819"}],"curies":[{"name":"wp","href":"https:\/\/api.w.org\/{rel}","templated":true}]}}