{"id":36804,"date":"2021-12-08T08:22:21","date_gmt":"2021-12-08T11:22:21","guid":{"rendered":"http:\/\/www.sincomam.org.br\/?p=36804"},"modified":"2021-12-08T02:47:51","modified_gmt":"2021-12-08T05:47:51","slug":"ministerio-vai-entregar-100-mil-doses-da-vacina-contra-a-gripe-na-quarta-feira-afirma-saude-do-rj","status":"publish","type":"post","link":"https:\/\/www.sincomam.org.br\/index.php\/ministerio-vai-entregar-100-mil-doses-da-vacina-contra-a-gripe-na-quarta-feira-afirma-saude-do-rj\/","title":{"rendered":"Minist\u00e9rio vai entregar 100 mil doses da vacina contra a gripe na quarta-feira, afirma Sa\u00fade do RJ"},"content":{"rendered":"<div class=\"mc-column content-text active-extra-styles active-capital-letter\" data-block-type=\"unstyled\" data-block-weight=\"41\" data-block-id=\"1\">\n<p class=\"content-text__container theme-color-primary-first-letter\" data-track-category=\"Link no Texto\" data-track-links=\"\">A Secretaria estadual de Sa\u00fade do Rio de Janeiro informou na noite desta ter\u00e7a-feira (7) que devem chegar ao estado, na quarta-feira (8),\u00a0<strong>100 mil doses da vacina contra a gripe<\/strong>. A pasta atribuiu a confirma\u00e7\u00e3o ao Minist\u00e9rio da Sa\u00fade. Ainda n\u00e3o h\u00e1 informa\u00e7\u00f5es sobre como ser\u00e1 feita a divis\u00e3o do novo lote para os 92 munic\u00edpios, segundo a secretaria. A distribui\u00e7\u00e3o est\u00e1 prevista para esta quarta-feira (8) na Coordena\u00e7\u00e3o Geral de Armazenamento, em Niter\u00f3i, na Regi\u00e3o Metropolitana, em hor\u00e1rio ainda a ser definido.<\/p>\n<\/div>\n<div class=\"wall protected-content\">\n<div class=\"mc-column content-text active-extra-styles \" data-block-type=\"unstyled\" data-block-weight=\"34\" data-block-id=\"3\">\n<p class=\"content-text__container \" data-track-category=\"Link no Texto\" data-track-links=\"\">H\u00e1 cinco dias, a vacina\u00e7\u00e3o contra a gripe no Rio\u00a0<a href=\"https:\/\/g1.globo.com\/rj\/rio-de-janeiro\/noticia\/2021\/12\/07\/sem-doses-rio-esta-com-vacinacao-contra-a-gripe-parada.ghtml\">est\u00e1 paralisada por falta de doses<\/a>. De acordo com o munic\u00edpio, a retomada da imuniza\u00e7\u00e3o\u00a0<strong>depende da chegada de nova remessa da pasta federal.<\/strong><\/p>\n<\/div>\n<div class=\"mc-column content-text active-extra-styles \" data-block-type=\"unstyled\" data-block-weight=\"25\" data-block-id=\"4\">\n<p class=\"content-text__container \" data-track-category=\"Link no Texto\" data-track-links=\"\">A vacina\u00e7\u00e3o contra a Covid continua normalmente. Nesta ter\u00e7a, foi aplicada a dose de refor\u00e7o nas pessoas que t\u00eam 58 anos ou mais de idade.<\/p>\n<\/div>\n<p data-track-category=\"Link no Texto\" data-track-links=\"\">Enquanto as doses n\u00e3o chegam, nas Unidades de Pronto Atendimento (UPAs) da cidade as medidas anunciadas pelas autoridades ainda n\u00e3o resolveram a superlota\u00e7\u00e3o. E a popula\u00e7\u00e3o continua peregrinando por atendimento.<\/p>\n<\/div>\n<p data-track-category=\"Link no Texto\" data-track-links=\"\">Fonte: G1<\/p>\n","protected":false},"excerpt":{"rendered":"<p>A Secretaria estadual de Sa\u00fade do Rio de Janeiro informou na noite desta ter\u00e7a-feira (7) que devem chegar ao estado, na quarta-feira (8),\u00a0100 mil doses&#8230;<\/p>\n","protected":false},"author":1527,"featured_media":29316,"comment_status":"closed","ping_status":"closed","sticky":false,"template":"","format":"standard","meta":{"footnotes":""},"categories":[6],"tags":[],"class_list":["post-36804","post","type-post","status-publish","format-standard","has-post-thumbnail","hentry","category-noticias"],"_links":{"self":[{"href":"https:\/\/www.sincomam.org.br\/index.php\/wp-json\/wp\/v2\/posts\/36804","targetHints":{"allow":["GET"]}}],"collection":[{"href":"https:\/\/www.sincomam.org.br\/index.php\/wp-json\/wp\/v2\/posts"}],"about":[{"href":"https:\/\/www.sincomam.org.br\/index.php\/wp-json\/wp\/v2\/types\/post"}],"author":[{"embeddable":true,"href":"https:\/\/www.sincomam.org.br\/index.php\/wp-json\/wp\/v2\/users\/1527"}],"replies":[{"embeddable":true,"href":"https:\/\/www.sincomam.org.br\/index.php\/wp-json\/wp\/v2\/comments?post=36804"}],"version-history":[{"count":1,"href":"https:\/\/www.sincomam.org.br\/index.php\/wp-json\/wp\/v2\/posts\/36804\/revisions"}],"predecessor-version":[{"id":36805,"href":"https:\/\/www.sincomam.org.br\/index.php\/wp-json\/wp\/v2\/posts\/36804\/revisions\/36805"}],"wp:featuredmedia":[{"embeddable":true,"href":"https:\/\/www.sincomam.org.br\/index.php\/wp-json\/wp\/v2\/media\/29316"}],"wp:attachment":[{"href":"https:\/\/www.sincomam.org.br\/index.php\/wp-json\/wp\/v2\/media?parent=36804"}],"wp:term":[{"taxonomy":"category","embeddable":true,"href":"https:\/\/www.sincomam.org.br\/index.php\/wp-json\/wp\/v2\/categories?post=36804"},{"taxonomy":"post_tag","embeddable":true,"href":"https:\/\/www.sincomam.org.br\/index.php\/wp-json\/wp\/v2\/tags?post=36804"}],"curies":[{"name":"wp","href":"https:\/\/api.w.org\/{rel}","templated":true}]}}