{"id":36802,"date":"2021-12-08T08:16:04","date_gmt":"2021-12-08T11:16:04","guid":{"rendered":"http:\/\/www.sincomam.org.br\/?p=36802"},"modified":"2021-12-08T10:05:19","modified_gmt":"2021-12-08T13:05:19","slug":"porto-seco-do-cerrado-investe-ampliar-atuacao-no-comercio-exterior","status":"publish","type":"post","link":"https:\/\/www.sincomam.org.br\/index.php\/porto-seco-do-cerrado-investe-ampliar-atuacao-no-comercio-exterior\/","title":{"rendered":"Porto Seco do Cerrado investe para ampliar atua\u00e7\u00e3o no com\u00e9rcio exterior"},"content":{"rendered":"<p>A esta\u00e7\u00e3o aduaneira do interior conhecida como Porto Seco do Cerrado, localizada em Uberl\u00e2ndia (MG), ganha uma nova sede, para melhor atender \u00e0s necessidades operacionais e estruturais dos clientes. O investimento foi feito pela Supplog, empresa que administra o terminal intermodal desde 2016.<\/p>\n<p>Atualmente, o Porto Seco atende mais de 80 empresas dos mais diversificados segmentos como bebidas, aliment\u00edcios, qu\u00edmico, tabaco, eletr\u00f4nicos, t\u00eaxtil, energia solar, maquin\u00e1rio agr\u00edcola e industrial, jardinagem e constru\u00e7\u00e3o civil. Fornece servi\u00e7os log\u00edsticos e alfandeg\u00e1rios, com foco na armazenagem, nacionaliza\u00e7\u00e3o ou internacionaliza\u00e7\u00e3o e transporte.<\/p>\n<p>A nova unidade do Porto Seco de Uberl\u00e2ndia permitir\u00e1 atrair novos projetos e novas empresas que atuam no com\u00e9rcio exterior.<\/p>\n<p>Em 2020, o Porto Seco de Uberl\u00e2ndia obteve um crescimento de 30% em compara\u00e7\u00e3o a 2019, na contram\u00e3o do mercado que sofreu retra\u00e7\u00e3o no ano de 2020. Para este ano, com as novas instala\u00e7\u00f5es, a proje\u00e7\u00e3o \u00e9 de um crescimento de mais 30%.<\/p>\n<p>A nova sede tem uma \u00e1rea total de 150 mil m\u00b2, sendo 10 mil m\u00b2 de \u00e1rea para armazenagem coberta com capacidade aproximada para 10 mil posi\u00e7\u00f5es-palete, seis docas para recebimento e expedi\u00e7\u00e3o simult\u00e2neos, 16 mil m\u00b2 de p\u00e1tio para ve\u00edculos e cont\u00eaineres, al\u00e9m de balan\u00e7a para pesagem de bitrens. O local tamb\u00e9m conta com unidades da Receita Federal e Minist\u00e9rio da Agricultura para fazer o desembara\u00e7o aduaneiro.<\/p>\n<p>Fonte: Porto e Navio<\/p>\n","protected":false},"excerpt":{"rendered":"<p>A esta\u00e7\u00e3o aduaneira do interior conhecida como Porto Seco do Cerrado, localizada em Uberl\u00e2ndia (MG), ganha uma nova sede, para melhor atender \u00e0s necessidades operacionais&#8230;<\/p>\n","protected":false},"author":1527,"featured_media":36809,"comment_status":"closed","ping_status":"closed","sticky":false,"template":"","format":"standard","meta":{"footnotes":""},"categories":[6],"tags":[],"class_list":["post-36802","post","type-post","status-publish","format-standard","has-post-thumbnail","hentry","category-noticias"],"_links":{"self":[{"href":"https:\/\/www.sincomam.org.br\/index.php\/wp-json\/wp\/v2\/posts\/36802","targetHints":{"allow":["GET"]}}],"collection":[{"href":"https:\/\/www.sincomam.org.br\/index.php\/wp-json\/wp\/v2\/posts"}],"about":[{"href":"https:\/\/www.sincomam.org.br\/index.php\/wp-json\/wp\/v2\/types\/post"}],"author":[{"embeddable":true,"href":"https:\/\/www.sincomam.org.br\/index.php\/wp-json\/wp\/v2\/users\/1527"}],"replies":[{"embeddable":true,"href":"https:\/\/www.sincomam.org.br\/index.php\/wp-json\/wp\/v2\/comments?post=36802"}],"version-history":[{"count":2,"href":"https:\/\/www.sincomam.org.br\/index.php\/wp-json\/wp\/v2\/posts\/36802\/revisions"}],"predecessor-version":[{"id":36808,"href":"https:\/\/www.sincomam.org.br\/index.php\/wp-json\/wp\/v2\/posts\/36802\/revisions\/36808"}],"wp:featuredmedia":[{"embeddable":true,"href":"https:\/\/www.sincomam.org.br\/index.php\/wp-json\/wp\/v2\/media\/36809"}],"wp:attachment":[{"href":"https:\/\/www.sincomam.org.br\/index.php\/wp-json\/wp\/v2\/media?parent=36802"}],"wp:term":[{"taxonomy":"category","embeddable":true,"href":"https:\/\/www.sincomam.org.br\/index.php\/wp-json\/wp\/v2\/categories?post=36802"},{"taxonomy":"post_tag","embeddable":true,"href":"https:\/\/www.sincomam.org.br\/index.php\/wp-json\/wp\/v2\/tags?post=36802"}],"curies":[{"name":"wp","href":"https:\/\/api.w.org\/{rel}","templated":true}]}}