{"id":36793,"date":"2021-12-08T08:10:10","date_gmt":"2021-12-08T11:10:10","guid":{"rendered":"http:\/\/www.sincomam.org.br\/?p=36793"},"modified":"2021-12-08T02:19:17","modified_gmt":"2021-12-08T05:19:17","slug":"governo-critica-passaporte-da-vacina-mas-exigira-quarentena-de-5-dias-para-viajantes-nao-vacinados","status":"publish","type":"post","link":"https:\/\/www.sincomam.org.br\/index.php\/governo-critica-passaporte-da-vacina-mas-exigira-quarentena-de-5-dias-para-viajantes-nao-vacinados\/","title":{"rendered":"Governo critica &#8216;passaporte da vacina&#8217;, mas exigir\u00e1 quarentena de 5 dias para viajantes n\u00e3o vacinados"},"content":{"rendered":"<p>O governo federal anunciou nesta ter\u00e7a-feira (7) que pedir\u00e1 quarentena de cinco dias para viajantes n\u00e3o vacinados que saiam de outros pa\u00edses e desembarquem no Brasil. Segundo o governo, a ideia \u00e9 promover uma &#8220;reabertura das fronteiras&#8221; em raz\u00e3o dos \u00edndices atuais de vacina\u00e7\u00e3o da popula\u00e7\u00e3o brasileira.<\/p>\n<p>O pronunciamento dos ministros Ciro Nogueira (Casa Civil) e Marcelo Queiroga (Sa\u00fade) foi marcado por fortes cr\u00edticas \u00e0s recomenda\u00e7\u00f5es de um &#8220;passaporte da vacina&#8221; e de maior rigidez na exig\u00eancia da vacina\u00e7\u00e3o.<\/p>\n<p>Mas, na pr\u00e1tica, segundo t\u00e9cnicos da Anvisa ouvidos pela TV Globo, o novo protocolo anunciado pelo governo parece atender \u00e0s recomenda\u00e7\u00f5es que v\u00eam sendo feitas, h\u00e1 mais de um m\u00eas, pela ag\u00eancia reguladora e por especialistas.<\/p>\n<p>No pronunciamento, Queiroga e Nogueira n\u00e3o fizeram qualquer men\u00e7\u00e3o \u00e0 exig\u00eancia de um &#8220;passaporte da vacina&#8221;. Foram anunciadas duas medidas:<\/p>\n<ul>\n<li>exigir teste negativo do tipo RT-PCR, realizado at\u00e9 72 horas antes, para os passageiros que venham do exterior e desembarquem no Brasil;<\/li>\n<li>exigir quarentena de cinco dias para os indiv\u00edduos n\u00e3o vacinados que cheguem ao pa\u00eds, seguida de um teste RT-PCR. Se o resultado for negativo, o passageiro \u00e9 liberado para transitar em solo brasileiro.<\/li>\n<\/ul>\n<p>O an\u00fancio mant\u00e9m as regras que j\u00e1 estavam em vigor para os passageiros vacinados (exig\u00eancia de teste negativo e declara\u00e7\u00e3o de sa\u00fade) e adiciona essa quarentena de cinco dias para os passageiros sem vacina. A atualiza\u00e7\u00e3o do protocolo ainda n\u00e3o foi publicada no &#8220;Di\u00e1rio Oficial da Uni\u00e3o&#8221;.<\/p>\n<p>Fonte: G1<\/p>\n","protected":false},"excerpt":{"rendered":"<p>O governo federal anunciou nesta ter\u00e7a-feira (7) que pedir\u00e1 quarentena de cinco dias para viajantes n\u00e3o vacinados que saiam de outros pa\u00edses e desembarquem no&#8230;<\/p>\n","protected":false},"author":1527,"featured_media":4685,"comment_status":"closed","ping_status":"closed","sticky":false,"template":"","format":"standard","meta":{"footnotes":""},"categories":[6],"tags":[],"class_list":["post-36793","post","type-post","status-publish","format-standard","has-post-thumbnail","hentry","category-noticias"],"_links":{"self":[{"href":"https:\/\/www.sincomam.org.br\/index.php\/wp-json\/wp\/v2\/posts\/36793","targetHints":{"allow":["GET"]}}],"collection":[{"href":"https:\/\/www.sincomam.org.br\/index.php\/wp-json\/wp\/v2\/posts"}],"about":[{"href":"https:\/\/www.sincomam.org.br\/index.php\/wp-json\/wp\/v2\/types\/post"}],"author":[{"embeddable":true,"href":"https:\/\/www.sincomam.org.br\/index.php\/wp-json\/wp\/v2\/users\/1527"}],"replies":[{"embeddable":true,"href":"https:\/\/www.sincomam.org.br\/index.php\/wp-json\/wp\/v2\/comments?post=36793"}],"version-history":[{"count":1,"href":"https:\/\/www.sincomam.org.br\/index.php\/wp-json\/wp\/v2\/posts\/36793\/revisions"}],"predecessor-version":[{"id":36794,"href":"https:\/\/www.sincomam.org.br\/index.php\/wp-json\/wp\/v2\/posts\/36793\/revisions\/36794"}],"wp:featuredmedia":[{"embeddable":true,"href":"https:\/\/www.sincomam.org.br\/index.php\/wp-json\/wp\/v2\/media\/4685"}],"wp:attachment":[{"href":"https:\/\/www.sincomam.org.br\/index.php\/wp-json\/wp\/v2\/media?parent=36793"}],"wp:term":[{"taxonomy":"category","embeddable":true,"href":"https:\/\/www.sincomam.org.br\/index.php\/wp-json\/wp\/v2\/categories?post=36793"},{"taxonomy":"post_tag","embeddable":true,"href":"https:\/\/www.sincomam.org.br\/index.php\/wp-json\/wp\/v2\/tags?post=36793"}],"curies":[{"name":"wp","href":"https:\/\/api.w.org\/{rel}","templated":true}]}}