{"id":36791,"date":"2021-12-08T08:09:14","date_gmt":"2021-12-08T11:09:14","guid":{"rendered":"http:\/\/www.sincomam.org.br\/?p=36791"},"modified":"2021-12-08T09:50:39","modified_gmt":"2021-12-08T12:50:39","slug":"auxilio-brasil-de-r-400-serpa-pago-ja-no-mes-de-dezembro","status":"publish","type":"post","link":"https:\/\/www.sincomam.org.br\/index.php\/auxilio-brasil-de-r-400-serpa-pago-ja-no-mes-de-dezembro\/","title":{"rendered":"Aux\u00edlio Brasil de R$ 400 ser\u00e1 pago j\u00e1 no m\u00eas de dezembro"},"content":{"rendered":"<p>O presidente Jair Bolsonaro editou, nesta ter\u00e7a-feira (7), uma medida provis\u00f3ria para permitir o pagamento do Aux\u00edlio Brasil no valor m\u00ednimo de R$ 400 aos benefici\u00e1rios ainda neste m\u00eas de dezembro.\u00a0O texto foi publicado em edi\u00e7\u00e3o extra do &#8220;Di\u00e1rio Oficial da Uni\u00e3o&#8221; e cria um &#8220;benef\u00edcio extraordin\u00e1rio&#8221; para complementar o Aux\u00edlio Brasil que ser\u00e1 pago em dezembro e atingir o m\u00ednimo de R$ 400 prometido pelo governo.<\/p>\n<p>De acordo com o governo, esse complemento ser\u00e1 pago a partir da pr\u00f3xima sexta (10), junto com o calend\u00e1rio regular que j\u00e1 havia sido anunciado. Isso porque, para pagar a complementa\u00e7\u00e3o de forma &#8220;oficial&#8221;, o governo precisa de um espa\u00e7o no Or\u00e7amento que s\u00f3 ser\u00e1 aberto com a promulga\u00e7\u00e3o da PEC dos Precat\u00f3rios.<\/p>\n<p>Se a PEC n\u00e3o for promulgada at\u00e9 janeiro, a MP editada nesta ter\u00e7a j\u00e1 prev\u00ea que a complementa\u00e7\u00e3o &#8220;extraordin\u00e1ria&#8221; seja prorrogada para evitar a interrup\u00e7\u00e3o dos pagamentos.<\/p>\n<p>As medidas provis\u00f3rias entram em vigor assim que s\u00e3o assinadas pelo presidente e publicadas em &#8220;Di\u00e1rio Oficial&#8221;, mas precisam ser aprovadas pela C\u00e2mara e pelo Senado em at\u00e9 180 dias para n\u00e3o perderem validade.<\/p>\n<p>Neste caso, como a MP cria um pagamento tempor\u00e1rio, a aprova\u00e7\u00e3o definitiva da medida provis\u00f3ria se torna dispens\u00e1vel assim que a complementa\u00e7\u00e3o permanente do Aux\u00edlio Brasil entrar em vigor.<\/p>\n<p>Em busca dos R$ 400<br \/>\nO Congresso aprovou na semana passada a medida provis\u00f3ria que criou o Aux\u00edlio Brasil, mas o texto n\u00e3o define um valor para as parcelas. Em novembro, o valor m\u00e9dio do benef\u00edcio foi de R$ 224, uma corre\u00e7\u00e3o de cerca de 18% em rela\u00e7\u00e3o ao que era pago pelo Bolsa Fam\u00edlia.<\/p>\n<p>O presidente Bolsonaro definiu, por\u00e9m, que quer fechar o ano j\u00e1 pagando o piso de R$ 400 por benefici\u00e1rio \u2013 anunciado pelo governo em outubro. Para isso, o governo precisar\u00e1 da medida provis\u00f3ria.<\/p>\n<p>Questionado nesta ter\u00e7a, o presidente do Congresso, senador Rodrigo Pacheco (PSD-MG), afirmou que a eventual edi\u00e7\u00e3o da MP daria mais prazo para o parlamento resolver os impasses na aprova\u00e7\u00e3o da PEC dos Precat\u00f3rios (veja abaixo), mas refor\u00e7ou a necessidade de dar uma sa\u00edda r\u00e1pida para o texto.<\/p>\n<p>&#8220;Em tese, [daria mais tempo] sim, mas n\u00f3s n\u00e3o devemos nos influenciar por isso. N\u00f3s temos que dar solu\u00e7\u00e3o ao problema da PEC dos Precat\u00f3rios o quanto antes. H\u00e1 um senso de urg\u00eancia nisso. E vamos trabalhar dentro dessa linha de fazer, independente de MP que resolva pontualmente, tentar dar uma solu\u00e7\u00e3o macro para o problema, que se d\u00e1 atrav\u00e9s da PEC&#8221;, declarou.<\/p>\n<p>&nbsp;<\/p>\n<p>Fonte G1<\/p>\n","protected":false},"excerpt":{"rendered":"<p>O presidente Jair Bolsonaro editou, nesta ter\u00e7a-feira (7), uma medida provis\u00f3ria para permitir o pagamento do Aux\u00edlio Brasil no valor m\u00ednimo de R$ 400 aos&#8230;<\/p>\n","protected":false},"author":1527,"featured_media":17827,"comment_status":"closed","ping_status":"closed","sticky":false,"template":"","format":"standard","meta":{"footnotes":""},"categories":[6],"tags":[],"class_list":["post-36791","post","type-post","status-publish","format-standard","has-post-thumbnail","hentry","category-noticias"],"_links":{"self":[{"href":"https:\/\/www.sincomam.org.br\/index.php\/wp-json\/wp\/v2\/posts\/36791","targetHints":{"allow":["GET"]}}],"collection":[{"href":"https:\/\/www.sincomam.org.br\/index.php\/wp-json\/wp\/v2\/posts"}],"about":[{"href":"https:\/\/www.sincomam.org.br\/index.php\/wp-json\/wp\/v2\/types\/post"}],"author":[{"embeddable":true,"href":"https:\/\/www.sincomam.org.br\/index.php\/wp-json\/wp\/v2\/users\/1527"}],"replies":[{"embeddable":true,"href":"https:\/\/www.sincomam.org.br\/index.php\/wp-json\/wp\/v2\/comments?post=36791"}],"version-history":[{"count":2,"href":"https:\/\/www.sincomam.org.br\/index.php\/wp-json\/wp\/v2\/posts\/36791\/revisions"}],"predecessor-version":[{"id":36806,"href":"https:\/\/www.sincomam.org.br\/index.php\/wp-json\/wp\/v2\/posts\/36791\/revisions\/36806"}],"wp:featuredmedia":[{"embeddable":true,"href":"https:\/\/www.sincomam.org.br\/index.php\/wp-json\/wp\/v2\/media\/17827"}],"wp:attachment":[{"href":"https:\/\/www.sincomam.org.br\/index.php\/wp-json\/wp\/v2\/media?parent=36791"}],"wp:term":[{"taxonomy":"category","embeddable":true,"href":"https:\/\/www.sincomam.org.br\/index.php\/wp-json\/wp\/v2\/categories?post=36791"},{"taxonomy":"post_tag","embeddable":true,"href":"https:\/\/www.sincomam.org.br\/index.php\/wp-json\/wp\/v2\/tags?post=36791"}],"curies":[{"name":"wp","href":"https:\/\/api.w.org\/{rel}","templated":true}]}}