{"id":3679,"date":"2014-02-17T16:18:58","date_gmt":"2014-02-17T19:18:58","guid":{"rendered":"http:\/\/www.sincomam.org.br\/?p=3679"},"modified":"2014-02-17T16:27:28","modified_gmt":"2014-02-17T19:27:28","slug":"empresa-revitalizacao-volta-a-ter-direitos-sobre-porto-de-manaus","status":"publish","type":"post","link":"https:\/\/www.sincomam.org.br\/index.php\/empresa-revitalizacao-volta-a-ter-direitos-sobre-porto-de-manaus\/","title":{"rendered":"Empresa Revitaliza\u00e7\u00e3o volta a ter direitos sobre Porto de Manaus"},"content":{"rendered":"<p>A justi\u00e7a deferiu liminar em mandato de seguran\u00e7a para suspender, provisoriamente, a decis\u00e3o do DNIT (Departamento Nacional de Infraestrutura em Transportes), que anulou os contratos de arrendamento firmados entre a SNPH (Sociedade de Navega\u00e7\u00e3o, Portos e Hidrovias do Amazonas), Esta\u00e7\u00e3o Hidrovi\u00e1ria do Amazonas Ltda. e a Empresa de Revitaliza\u00e7\u00e3o do Porto de Manaus, que volta a ter todos os direitos sobre o terminal hidrovi\u00e1rio de cargas.<\/p>\n<p>O Minist\u00e9rio dos Transportes denunciou irregularidades nos contratos e definiu a compet\u00eancia do DNIT para a gest\u00e3o do porto, anulando os contratos de arrendamento. As empresas arrendat\u00e1rias foram notificadas a desocupar e entregar o im\u00f3vel, mas se recusaram a cumprir a determina\u00e7\u00e3o. A 3\u00aa Vara Federal da Se\u00e7\u00e3o Judici\u00e1ria do Amazonas concordou com os argumentos da AGU (Advocacia Geral da Uni\u00e3o) e concedeu a reintegra\u00e7\u00e3o de posse ao DNIT determinando a retirada da empresa do local. Agora, a liminar devolve o porto \u00e0s empresas arrendat\u00e1rias.<\/p>\n<p>No ano passado, o Minist\u00e9rio dos Transportes anunciou o in\u00edcio das obras de revitaliza\u00e7\u00e3o e a empresa A. J. Nasser Engenharia que foi a vencedora da licita\u00e7\u00e3o. A obra foi inclu\u00edda no PAC (Programa de Acelera\u00e7\u00e3o do Crescimento), com or\u00e7amento de R$ 89 milh\u00f5es, e restaura\u00e7\u00e3o das pontes de acesso e dos cais flutuantes mais a moderniza\u00e7\u00e3o da \u00e1rea de infraestrutura de turismo.<\/p>\n<p>Fonte: Guia Mar\u00edtimo<br \/>Foto: Gide\u00e3o Soares<\/p>\n","protected":false},"excerpt":{"rendered":"<p>A justi\u00e7a deferiu liminar em mandato de seguran\u00e7a para suspender, provisoriamente, a decis\u00e3o do DNIT (Departamento Nacional de Infraestrutura em Transportes), que anulou os contratos&#8230;<\/p>\n","protected":false},"author":1182,"featured_media":3680,"comment_status":"closed","ping_status":"closed","sticky":false,"template":"","format":"standard","meta":{"footnotes":""},"categories":[6],"tags":[474,80,477],"class_list":["post-3679","post","type-post","status-publish","format-standard","has-post-thumbnail","hentry","category-noticias","tag-manaus","tag-porto","tag-revitalizacao"],"_links":{"self":[{"href":"https:\/\/www.sincomam.org.br\/index.php\/wp-json\/wp\/v2\/posts\/3679","targetHints":{"allow":["GET"]}}],"collection":[{"href":"https:\/\/www.sincomam.org.br\/index.php\/wp-json\/wp\/v2\/posts"}],"about":[{"href":"https:\/\/www.sincomam.org.br\/index.php\/wp-json\/wp\/v2\/types\/post"}],"author":[{"embeddable":true,"href":"https:\/\/www.sincomam.org.br\/index.php\/wp-json\/wp\/v2\/users\/1182"}],"replies":[{"embeddable":true,"href":"https:\/\/www.sincomam.org.br\/index.php\/wp-json\/wp\/v2\/comments?post=3679"}],"version-history":[{"count":2,"href":"https:\/\/www.sincomam.org.br\/index.php\/wp-json\/wp\/v2\/posts\/3679\/revisions"}],"predecessor-version":[{"id":3682,"href":"https:\/\/www.sincomam.org.br\/index.php\/wp-json\/wp\/v2\/posts\/3679\/revisions\/3682"}],"wp:featuredmedia":[{"embeddable":true,"href":"https:\/\/www.sincomam.org.br\/index.php\/wp-json\/wp\/v2\/media\/3680"}],"wp:attachment":[{"href":"https:\/\/www.sincomam.org.br\/index.php\/wp-json\/wp\/v2\/media?parent=3679"}],"wp:term":[{"taxonomy":"category","embeddable":true,"href":"https:\/\/www.sincomam.org.br\/index.php\/wp-json\/wp\/v2\/categories?post=3679"},{"taxonomy":"post_tag","embeddable":true,"href":"https:\/\/www.sincomam.org.br\/index.php\/wp-json\/wp\/v2\/tags?post=3679"}],"curies":[{"name":"wp","href":"https:\/\/api.w.org\/{rel}","templated":true}]}}