{"id":36780,"date":"2021-12-07T08:15:23","date_gmt":"2021-12-07T11:15:23","guid":{"rendered":"http:\/\/www.sincomam.org.br\/?p=36780"},"modified":"2021-12-07T04:45:51","modified_gmt":"2021-12-07T07:45:51","slug":"movimentacao-de-carga-no-porto-de-sao-francisco-cresce-25-em-novembro","status":"publish","type":"post","link":"https:\/\/www.sincomam.org.br\/index.php\/movimentacao-de-carga-no-porto-de-sao-francisco-cresce-25-em-novembro\/","title":{"rendered":"MOVIMENTA\u00c7\u00c3O DE CARGA NO PORTO DE S\u00c3O FRANCISCO CRESCE 25% EM NOVEMBRO"},"content":{"rendered":"<p>Somando as importa\u00e7\u00f5es e exporta\u00e7\u00f5es, o Porto de S\u00e3o Francisco do Sul movimentou 902 mil toneladas de produtos no m\u00eas passado.\u00a0O volume \u00e9 25% superior ao registrado no mesmo per\u00edodo do ano passado, quando foram movimentadas 722 mil toneladas.\u00a0Os dados foram divulgados esta semana pela autoridade portu\u00e1ria.<\/p>\n<p>\u201cA\u00a0movimenta\u00e7\u00e3o dos portos catarinenses\u00a0vem\u00a0crescendode forma consistente desde 2019 e o Porto de S\u00e3o Francisco\u00a0tem colaborado muito para isso, como mostram os resultados de novembro\u201d, comemorou o governador Carlos Mois\u00e9s.<\/p>\n<p>A importa\u00e7\u00e3o foi\u00a0respons\u00e1vel por 551 mil toneladas, o\u00a0que representa 61% das mercadorias que\u00a0passaran\u00a0pelo complexo portu\u00e1rio do Norte de Santa Catarina.<\/p>\n<p>Destaque para os produtos sider\u00fargicos,\u00a0como barras e bobinas de a\u00e7o, que somaram 310 mil toneladas,\u00a0e fertilizantes, com\u00a0188\u00a0mil\u00a0toneladas.<\/p>\n<p>A carga exportada chegou a 351 mil toneladas (39% do total).<\/p>\n<p>A soja liderou com 175 mil\u00a0de toneladas, seguido pelo milho (58 mil toneladas) e\u00a0o setor de madeiras e celulose (25 mil toneladas).<\/p>\n<p>\u201cEste ano houve um crescimento expressivo na demanda pelo transporte mar\u00edtimo em todo o pa\u00eds e\u00a0estamosrespondendo \u00e0 altura\u201d, explica o\u00a0presidente do Porto\u00a0de S\u00e3o Francisco,\u00a0Cleverton\u00a0Vieira.<\/p>\n<p>\u201cO planejamento e investimentos em infraestrutura colaboraram para dar mais fluidez na movimenta\u00e7\u00e3o de produtos, aumentando a competitividade de S\u00e3o Francisco, que tem recebido cargas de v\u00e1rios estados, inclusive de S\u00e3o Paulo\u201d, disse, referindo-se\u00a0\u00e0s\u00a020 mil toneladas de a\u00e7\u00facar paulista que embarcaram para a \u00c1frica em novembro.<\/p>\n<p>Dados gerais do Porto de S\u00e3o Francisco<\/p>\n<p>\u2013 Maior complexo portu\u00e1rio em movimenta\u00e7\u00e3o de carga de Santa Catarina.<\/p>\n<p>\u2013 3\u00ba melhor porto em desempenho do Brasil.<\/p>\n<p>\u2013 4\u00ba lugar no ranking ambiental entre os 34 portos p\u00fablicos brasileiros.<\/p>\n<p>\u2013 7\u00ba maior porto do Brasil em movimenta\u00e7\u00e3o de carga geral.<\/p>\n<p>\u2013 No comparativo da carga geral entre o primeiro semestre de 2020 e 2021, enquanto o aumento na m\u00e9dia dos portos brasileiros foi de 19%, no Porto de S\u00e3o Francisco foi de 77%, segundo a Ag\u00eancia Nacional de Transportes\u00a0Aquavi\u00e1rios.<\/p>\n<p>\u2013 Sete ber\u00e7os de atraca\u00e7\u00e3o de navios, numa \u00e1rea de 244 mil m2.<\/p>\n<div class=\"vw-sticky-sidebar theiaStickySidebar\">Fonte: Revista Portos e Navios<\/div>\n<div id=\"infor-1879522540\" class=\"infor-depois-do-conteudo\"><\/div>\n<p>&nbsp;<\/p>\n","protected":false},"excerpt":{"rendered":"<p>Somando as importa\u00e7\u00f5es e exporta\u00e7\u00f5es, o Porto de S\u00e3o Francisco do Sul movimentou 902 mil toneladas de produtos no m\u00eas passado.\u00a0O volume \u00e9 25% superior&#8230;<\/p>\n","protected":false},"author":1527,"featured_media":33303,"comment_status":"closed","ping_status":"closed","sticky":false,"template":"","format":"standard","meta":{"footnotes":""},"categories":[6],"tags":[],"class_list":["post-36780","post","type-post","status-publish","format-standard","has-post-thumbnail","hentry","category-noticias"],"_links":{"self":[{"href":"https:\/\/www.sincomam.org.br\/index.php\/wp-json\/wp\/v2\/posts\/36780","targetHints":{"allow":["GET"]}}],"collection":[{"href":"https:\/\/www.sincomam.org.br\/index.php\/wp-json\/wp\/v2\/posts"}],"about":[{"href":"https:\/\/www.sincomam.org.br\/index.php\/wp-json\/wp\/v2\/types\/post"}],"author":[{"embeddable":true,"href":"https:\/\/www.sincomam.org.br\/index.php\/wp-json\/wp\/v2\/users\/1527"}],"replies":[{"embeddable":true,"href":"https:\/\/www.sincomam.org.br\/index.php\/wp-json\/wp\/v2\/comments?post=36780"}],"version-history":[{"count":1,"href":"https:\/\/www.sincomam.org.br\/index.php\/wp-json\/wp\/v2\/posts\/36780\/revisions"}],"predecessor-version":[{"id":36781,"href":"https:\/\/www.sincomam.org.br\/index.php\/wp-json\/wp\/v2\/posts\/36780\/revisions\/36781"}],"wp:featuredmedia":[{"embeddable":true,"href":"https:\/\/www.sincomam.org.br\/index.php\/wp-json\/wp\/v2\/media\/33303"}],"wp:attachment":[{"href":"https:\/\/www.sincomam.org.br\/index.php\/wp-json\/wp\/v2\/media?parent=36780"}],"wp:term":[{"taxonomy":"category","embeddable":true,"href":"https:\/\/www.sincomam.org.br\/index.php\/wp-json\/wp\/v2\/categories?post=36780"},{"taxonomy":"post_tag","embeddable":true,"href":"https:\/\/www.sincomam.org.br\/index.php\/wp-json\/wp\/v2\/tags?post=36780"}],"curies":[{"name":"wp","href":"https:\/\/api.w.org\/{rel}","templated":true}]}}