{"id":36754,"date":"2021-12-06T08:28:00","date_gmt":"2021-12-06T11:28:00","guid":{"rendered":"http:\/\/www.sincomam.org.br\/?p=36754"},"modified":"2021-12-06T02:39:04","modified_gmt":"2021-12-06T05:39:04","slug":"auxilio-brasil-familias-poderao-ter-beneficio-suspenso-ou-cancelado-entenda","status":"publish","type":"post","link":"https:\/\/www.sincomam.org.br\/index.php\/auxilio-brasil-familias-poderao-ter-beneficio-suspenso-ou-cancelado-entenda\/","title":{"rendered":"Aux\u00edlio Brasil: fam\u00edlias poder\u00e3o ter benef\u00edcio suspenso ou cancelado; entenda"},"content":{"rendered":"<p>Os benefici\u00e1rios do Aux\u00edlio Brasil passar\u00e3o por revis\u00f5es cadastrais que podem suspender ou cancelar o benef\u00edcio. De acordo com as regras do programa, os benefici\u00e1rios passar\u00e3o pelas seguintes avalia\u00e7\u00f5es:<\/p>\n<p>Averigua\u00e7\u00e3o cadastral: verifica\u00e7\u00e3o peri\u00f3dica da consist\u00eancia das informa\u00e7\u00f5es registradas no Cadastro \u00danico (Cad\u00danico), que avaliar\u00e1 se o benefici\u00e1rio atende \u00e0s condi\u00e7\u00f5es de elegibilidade para recebimento dos benef\u00edcios;<br \/>\nRevis\u00e3o cadastral: verifica\u00e7\u00e3o peri\u00f3dica das informa\u00e7\u00f5es socioecon\u00f4micas das fam\u00edlias benefici\u00e1rias com os dados constantes no Cad\u00danico, para avaliar a continuidade do recebimento dos benef\u00edcios;<br \/>\nRevis\u00e3o de elegibilidade: verifica\u00e7\u00e3o das informa\u00e7\u00f5es utilizadas para manuten\u00e7\u00e3o do pagamento do benef\u00edcio.<br \/>\nRevis\u00e3o cadastral<\/p>\n<p>O Minist\u00e9rio da Cidadania realizar\u00e1 anualmente a revis\u00e3o cadastral das fam\u00edlias benefici\u00e1rias. Ser\u00e3o convocadas para essa reavalia\u00e7\u00e3o as fam\u00edlias que estejam com o Cad\u00danico com mais de dois anos sem atualiza\u00e7\u00e3o.<\/p>\n<p>No entanto, n\u00e3o ser\u00e1 inclu\u00edda na listagem da revis\u00e3o cadastral a fam\u00edlia benefici\u00e1ria que tenha sido convocada para averigua\u00e7\u00e3o cadastral de suas informa\u00e7\u00f5es.<\/p>\n<p>As fam\u00edlias poder\u00e3o saber se est\u00e3o na lista de revis\u00e3o cadastral por meio de mensagens nos comprovantes de pagamento dos benef\u00edcios ou nos postos da prefeitura que cuidam do Cadastro \u00danico.<\/p>\n<p>Se o benefici\u00e1rio n\u00e3o fizer a revis\u00e3o cadastral no prazo estipulado, poder\u00e1 ter o benef\u00edcio bloqueado e, posteriormente, cancelado.<\/p>\n<p>Averigua\u00e7\u00e3o cadastral<br \/>\nSer\u00e1 realizada ainda a qualifica\u00e7\u00e3o cadastral de fam\u00edlias benefici\u00e1rias. Nesse caso, a convoca\u00e7\u00e3o das fam\u00edlias ser\u00e1 feita a partir das informa\u00e7\u00f5es da averigua\u00e7\u00e3o cadastral que mostrem inconsist\u00eancias em rela\u00e7\u00e3o ao que consta no Cad\u00danico.<\/p>\n<p>As fam\u00edlias poder\u00e3o saber se est\u00e3o na lista de qualifica\u00e7\u00e3o cadastral por meio de mensagens nos comprovantes de pagamento dos benef\u00edcios ou nos postos da prefeitura que cuidam do Cadastro \u00danico.<\/p>\n<p>A fam\u00edlia benefici\u00e1ria convocada para a qualifica\u00e7\u00e3o cadastral dever\u00e1 se apresentar ao munic\u00edpio no prazo estipulado, sob pena de bloqueio e cancelamento imediatos do benef\u00edcio.<\/p>\n<p>Revis\u00e3o de elegibilidade<br \/>\nSer\u00e1 realizada ainda a revis\u00e3o de elegibilidade de fam\u00edlias benefici\u00e1rias, que \u00e9 a verifica\u00e7\u00e3o das informa\u00e7\u00f5es utilizadas para manuten\u00e7\u00e3o do pagamento do benef\u00edcio.<\/p>\n<p>Nesse caso, o procedimento ser\u00e1 realizado a partir da verifica\u00e7\u00e3o mensal das informa\u00e7\u00f5es do Cadastro \u00danico, como composi\u00e7\u00e3o familiar e renda, ou se forem encontradas inconsist\u00eancias nos dados, como consequ\u00eancia da averigua\u00e7\u00e3o cadastral.\u00a0Quem tiver os registros exclu\u00eddos do Cad\u00danico deixar\u00e1 de receber o benef\u00edcio.<\/p>\n<p>Benefici\u00e1rio pode entrar com recurso<br \/>\nO respons\u00e1vel familiar poder\u00e1 apresentar recurso ao coordenador municipal do Aux\u00edlio Brasil em caso de suspens\u00e3o ou cancelamento do benef\u00edcio.<\/p>\n<p>O prazo para a interposi\u00e7\u00e3o dos recursos \u00e9 de 30 dias, contados a partir da primeira tentativa de saque do benef\u00edcio pelo respons\u00e1vel familiar, ocorrida depois do bloqueio, suspens\u00e3o ou cancelamento realizado.<\/p>\n<p>O coordenador municipal deve deliberar sobre o recurso apresentado no prazo de 30 dias, contados da data do registro de entrada no protocolo municipal.<\/p>\n<p>Quem vai receber?<br \/>\nNos meses de novembro e dezembro, o Aux\u00edlio Brasil ser\u00e1 pago a quem j\u00e1 era benefici\u00e1rio do Bolsa Fam\u00edlia \u2013 exceto aqueles que, ao longo do m\u00eas de outubro, tenham deixado de atender as regras do pr\u00f3prio bolsa. Ser\u00e3o cerca de 14,5 milh\u00f5es de benefici\u00e1rios. O valor m\u00e9dio neste m\u00eas ser\u00e1 de R$ 224,41 por fam\u00edlia.<\/p>\n<p>Quem recebeu o Aux\u00edlio Emergencial, mas n\u00e3o recebia Bolsa Fam\u00edlia, n\u00e3o est\u00e1 automaticamente inclu\u00eddo no Aux\u00edlio Brasil. Quem ainda n\u00e3o recebia Bolsa Fam\u00edlia, mas est\u00e1 inscrito no Cadastro \u00danico e atende os requisitos do programa, poder\u00e1 ser inclu\u00eddo nos pr\u00f3ximos meses, mas n\u00e3o h\u00e1 garantias nem prazos. O Minist\u00e9rio da Cidadania promete adicionar mais 2,4 milh\u00f5es de benefici\u00e1rios em dezembro.<\/p>\n<p>Fonte: G1<\/p>\n","protected":false},"excerpt":{"rendered":"<p>Os benefici\u00e1rios do Aux\u00edlio Brasil passar\u00e3o por revis\u00f5es cadastrais que podem suspender ou cancelar o benef\u00edcio. De acordo com as regras do programa, os benefici\u00e1rios&#8230;<\/p>\n","protected":false},"author":1527,"featured_media":17827,"comment_status":"closed","ping_status":"closed","sticky":false,"template":"","format":"standard","meta":{"footnotes":""},"categories":[6],"tags":[],"class_list":["post-36754","post","type-post","status-publish","format-standard","has-post-thumbnail","hentry","category-noticias"],"_links":{"self":[{"href":"https:\/\/www.sincomam.org.br\/index.php\/wp-json\/wp\/v2\/posts\/36754","targetHints":{"allow":["GET"]}}],"collection":[{"href":"https:\/\/www.sincomam.org.br\/index.php\/wp-json\/wp\/v2\/posts"}],"about":[{"href":"https:\/\/www.sincomam.org.br\/index.php\/wp-json\/wp\/v2\/types\/post"}],"author":[{"embeddable":true,"href":"https:\/\/www.sincomam.org.br\/index.php\/wp-json\/wp\/v2\/users\/1527"}],"replies":[{"embeddable":true,"href":"https:\/\/www.sincomam.org.br\/index.php\/wp-json\/wp\/v2\/comments?post=36754"}],"version-history":[{"count":1,"href":"https:\/\/www.sincomam.org.br\/index.php\/wp-json\/wp\/v2\/posts\/36754\/revisions"}],"predecessor-version":[{"id":36759,"href":"https:\/\/www.sincomam.org.br\/index.php\/wp-json\/wp\/v2\/posts\/36754\/revisions\/36759"}],"wp:featuredmedia":[{"embeddable":true,"href":"https:\/\/www.sincomam.org.br\/index.php\/wp-json\/wp\/v2\/media\/17827"}],"wp:attachment":[{"href":"https:\/\/www.sincomam.org.br\/index.php\/wp-json\/wp\/v2\/media?parent=36754"}],"wp:term":[{"taxonomy":"category","embeddable":true,"href":"https:\/\/www.sincomam.org.br\/index.php\/wp-json\/wp\/v2\/categories?post=36754"},{"taxonomy":"post_tag","embeddable":true,"href":"https:\/\/www.sincomam.org.br\/index.php\/wp-json\/wp\/v2\/tags?post=36754"}],"curies":[{"name":"wp","href":"https:\/\/api.w.org\/{rel}","templated":true}]}}