{"id":36752,"date":"2021-12-06T08:27:42","date_gmt":"2021-12-06T11:27:42","guid":{"rendered":"http:\/\/www.sincomam.org.br\/?p=36752"},"modified":"2021-12-06T02:26:18","modified_gmt":"2021-12-06T05:26:18","slug":"comunicado-do-brasil-e-eua-reafirma-importancia-de-remover-barreiras-nao-tarifarias-para-aumento-do-fluxo-de-comercio","status":"publish","type":"post","link":"https:\/\/www.sincomam.org.br\/index.php\/comunicado-do-brasil-e-eua-reafirma-importancia-de-remover-barreiras-nao-tarifarias-para-aumento-do-fluxo-de-comercio\/","title":{"rendered":"COMUNICADO DO BRASIL E EUA REAFIRMA IMPORT\u00c2NCIA DE REMOVER BARREIRAS N\u00c3O TARIF\u00c1RIAS PARA AUMENTO DO FLUXO DE COM\u00c9RCIO"},"content":{"rendered":"<p>Em comunicado conjunto no \u00e2mbito da 19\u00aa edi\u00e7\u00e3o do Di\u00e1logo Comercial Brasil \u2013 Estados Unidos, realizada em 22 de outubro \u00faltimo, Brasil e Estados Unidos apresentaram avan\u00e7os na agenda bilateral e reafirmaram a import\u00e2ncia de prevenir, reduzir e remover barreiras n\u00e3o tarif\u00e1rias ao com\u00e9rcio para promover um maior fluxo de com\u00e9rcio e investimentos e possibilitar o crescimento do interc\u00e2mbio bilateral.<\/p>\n<p>Na ocasi\u00e3o, a delega\u00e7\u00e3o brasileira foi chefiada pelo secret\u00e1rio de Com\u00e9rcio Exterior do Minist\u00e9rio da Economia, Lucas Ferraz, que conduziu os trabalhos como anfitri\u00e3o. A subsecret\u00e1ria de Com\u00e9rcio Internacional em Exerc\u00edcio do Departamento de Com\u00e9rcio (DoC), Diane Farrell, representou os Estados Unidos na reuni\u00e3o.<\/p>\n<p>O Di\u00e1logo Comercial Brasil \u2013 Estados Unidos aborda quest\u00f5es priorit\u00e1rias n\u00e3o somente de ambos os governos, mas tamb\u00e9m da comunidade empresarial, distribu\u00eddas atualmente em seis grupos tem\u00e1ticos: Facilita\u00e7\u00e3o de Com\u00e9rcio, Boas Pr\u00e1ticas Regulat\u00f3rias, Procedimentos de Avalia\u00e7\u00e3o da Conformidade, Regulamentos T\u00e9cnicos, Propriedade Intelectual e Economia Digital.<\/p>\n<p>O que \u00e9 o Di\u00e1logo Comercial<\/p>\n<p>Criado em 2006, o Di\u00e1logo Comercial entre Brasil e Estados Unidos \u00e9 o mecanismo de coopera\u00e7\u00e3o bilateral que se manteve ativo por mais tempo entre os dois pa\u00edses. Seu principal objetivo \u00e9 incentivar o fluxo de com\u00e9rcio e de investimento m\u00fatuos, atrav\u00e9s da preven\u00e7\u00e3o, redu\u00e7\u00e3o e elimina\u00e7\u00e3o de barreiras n\u00e3o tarif\u00e1rias.<\/p>\n<p>Nos \u00faltimos anos, a agenda se ampliou muito al\u00e9m do Minist\u00e9rio da Economia e do Departamento de Com\u00e9rcio dos EUA. Pelo lado brasileiro, tamb\u00e9m participam representantes do Instituto Nacional de Metrologia, Qualidade e Tecnologia (Inmetro); do Instituto Nacional da Propriedade Industrial (Inpi); da Ag\u00eancia Nacional de Vigil\u00e2ncia Sanit\u00e1ria (Anvisa); da Ag\u00eancia Nacional de Telecomunica\u00e7\u00f5es (Anatel); do Minist\u00e9rio da Infraestrutura, e de outros minist\u00e9rios e ag\u00eancias.<\/p>\n<p>A reuni\u00e3o anterior foi realizada tamb\u00e9m virtualmente, em maio de 2020. O pr\u00f3ximo encontro deve ocorrer em Washington, nos Estados Unidos, em 2022, em data a ser definida.<\/p>\n<p>&nbsp;<\/p>\n<p>Fonte: Portos e Costas<\/p>\n","protected":false},"excerpt":{"rendered":"<p>Em comunicado conjunto no \u00e2mbito da 19\u00aa edi\u00e7\u00e3o do Di\u00e1logo Comercial Brasil \u2013 Estados Unidos, realizada em 22 de outubro \u00faltimo, Brasil e Estados Unidos&#8230;<\/p>\n","protected":false},"author":1527,"featured_media":35061,"comment_status":"closed","ping_status":"closed","sticky":false,"template":"","format":"standard","meta":{"footnotes":""},"categories":[6],"tags":[],"class_list":["post-36752","post","type-post","status-publish","format-standard","has-post-thumbnail","hentry","category-noticias"],"_links":{"self":[{"href":"https:\/\/www.sincomam.org.br\/index.php\/wp-json\/wp\/v2\/posts\/36752","targetHints":{"allow":["GET"]}}],"collection":[{"href":"https:\/\/www.sincomam.org.br\/index.php\/wp-json\/wp\/v2\/posts"}],"about":[{"href":"https:\/\/www.sincomam.org.br\/index.php\/wp-json\/wp\/v2\/types\/post"}],"author":[{"embeddable":true,"href":"https:\/\/www.sincomam.org.br\/index.php\/wp-json\/wp\/v2\/users\/1527"}],"replies":[{"embeddable":true,"href":"https:\/\/www.sincomam.org.br\/index.php\/wp-json\/wp\/v2\/comments?post=36752"}],"version-history":[{"count":1,"href":"https:\/\/www.sincomam.org.br\/index.php\/wp-json\/wp\/v2\/posts\/36752\/revisions"}],"predecessor-version":[{"id":36753,"href":"https:\/\/www.sincomam.org.br\/index.php\/wp-json\/wp\/v2\/posts\/36752\/revisions\/36753"}],"wp:featuredmedia":[{"embeddable":true,"href":"https:\/\/www.sincomam.org.br\/index.php\/wp-json\/wp\/v2\/media\/35061"}],"wp:attachment":[{"href":"https:\/\/www.sincomam.org.br\/index.php\/wp-json\/wp\/v2\/media?parent=36752"}],"wp:term":[{"taxonomy":"category","embeddable":true,"href":"https:\/\/www.sincomam.org.br\/index.php\/wp-json\/wp\/v2\/categories?post=36752"},{"taxonomy":"post_tag","embeddable":true,"href":"https:\/\/www.sincomam.org.br\/index.php\/wp-json\/wp\/v2\/tags?post=36752"}],"curies":[{"name":"wp","href":"https:\/\/api.w.org\/{rel}","templated":true}]}}