{"id":36739,"date":"2021-12-06T08:25:37","date_gmt":"2021-12-06T11:25:37","guid":{"rendered":"http:\/\/www.sincomam.org.br\/?p=36739"},"modified":"2021-12-06T01:46:24","modified_gmt":"2021-12-06T04:46:24","slug":"acordo-entre-marinha-e-mpt-promete-melhorar-condicoes-de-trabalho-nos-portos-organizados","status":"publish","type":"post","link":"https:\/\/www.sincomam.org.br\/index.php\/acordo-entre-marinha-e-mpt-promete-melhorar-condicoes-de-trabalho-nos-portos-organizados\/","title":{"rendered":"Acordo entre Marinha e MPT promete melhorar condi\u00e7\u00f5es de trabalho nos portos organizados"},"content":{"rendered":"<p>A Marinha do Brasil celebrou um Acordo de Coopera\u00e7\u00e3o T\u00e9cnica com o Minist\u00e9rio P\u00fablico do Trabalho (MPT). O objetivo do acordo \u00e9 promover a\u00e7\u00f5es de coopera\u00e7\u00e3o nos campos da instru\u00e7\u00e3o, fiscaliza\u00e7\u00e3o, comunica\u00e7\u00f5es, intelig\u00eancia e outras \u00e1reas de interesse, contribuindo para o cumprimento das atribui\u00e7\u00f5es constitucionais do MPT e da For\u00e7a. A Marinha foi representada pelo Chefe do Estado-Maior da Armada, Almirante de Esquadra Marcos Silva Rodrigues.<\/p>\n<p>Assinado pelo Almirante e pelo Procurador-Geral do Trabalho, Jos\u00e9 de Lima Ramos Pereira, o acordo de coopera\u00e7\u00e3o pretende alcan\u00e7ar diversos resultados, dentre eles: incrementar a\u00e7\u00f5es em conjunto, visando \u00e0 preven\u00e7\u00e3o e fiscaliza\u00e7\u00e3o a il\u00edcitos relacionados \u00e0 seguran\u00e7a da navega\u00e7\u00e3o e \u00e0 salvaguarda da vida humana no mar; prover seguran\u00e7a jur\u00eddica aos aquavi\u00e1rios, portu\u00e1rios e armadores; desenvolver projetos que auxiliem a preserva\u00e7\u00e3o das condi\u00e7\u00f5es dignas de viv\u00eancia a bordo; e oferecer, dentro das possibilidades e disponibilidades or\u00e7ament\u00e1rias, vagas para militares ou servidores das institui\u00e7\u00f5es participantes nos workshops, semin\u00e1rios, cursos, treinamentos e outros eventos de mesma natureza.<\/p>\n<p>O Almirante de Esquadra Silva Rodrigues ressaltou que \u201co acordo fortalecer\u00e1 a rela\u00e7\u00e3o institucional entre as partes ensejando impactos positivos na atua\u00e7\u00e3o do Estado brasileiro para a melhoria das condi\u00e7\u00f5es de trabalho a bordo de embarca\u00e7\u00f5es, inclusive estimulando a atua\u00e7\u00e3o integrada e articulada nas reuni\u00f5es da Organiza\u00e7\u00e3o Mar\u00edtima Internacional e da Organiza\u00e7\u00e3o Internacional do Trabalho\u201d.<\/p>\n<p>J\u00e1 o Procurador-Geral do MPT afirmou: \u201ctenho certeza que a parceria ser\u00e1 um sucesso, tendo um resultado muito positivo. Estamos muito entusiasmados com a assinatura desse acordo\u201d.<\/p>\n<p>O acordo atuar\u00e1 na implementa\u00e7\u00e3o e fiscaliza\u00e7\u00e3o do cumprimento de leis e regulamentos, proporcionando agilidade, efici\u00eancia e economicidade no cumprimento das atribui\u00e7\u00f5es dos \u00f3rg\u00e3os, acarretando sens\u00edveis melhorias na presta\u00e7\u00e3o de servi\u00e7os, beneficiando empresas brasileiras de navega\u00e7\u00e3o, aquavi\u00e1rios, portu\u00e1rios e armadores.<\/p>\n<p>&nbsp;<\/p>\n<p>Fonte: Marinha do Brasil<\/p>\n","protected":false},"excerpt":{"rendered":"<p>A Marinha do Brasil celebrou um Acordo de Coopera\u00e7\u00e3o T\u00e9cnica com o Minist\u00e9rio P\u00fablico do Trabalho (MPT). O objetivo do acordo \u00e9 promover a\u00e7\u00f5es de&#8230;<\/p>\n","protected":false},"author":1527,"featured_media":36740,"comment_status":"closed","ping_status":"closed","sticky":false,"template":"","format":"standard","meta":{"footnotes":""},"categories":[6],"tags":[],"class_list":["post-36739","post","type-post","status-publish","format-standard","has-post-thumbnail","hentry","category-noticias"],"_links":{"self":[{"href":"https:\/\/www.sincomam.org.br\/index.php\/wp-json\/wp\/v2\/posts\/36739","targetHints":{"allow":["GET"]}}],"collection":[{"href":"https:\/\/www.sincomam.org.br\/index.php\/wp-json\/wp\/v2\/posts"}],"about":[{"href":"https:\/\/www.sincomam.org.br\/index.php\/wp-json\/wp\/v2\/types\/post"}],"author":[{"embeddable":true,"href":"https:\/\/www.sincomam.org.br\/index.php\/wp-json\/wp\/v2\/users\/1527"}],"replies":[{"embeddable":true,"href":"https:\/\/www.sincomam.org.br\/index.php\/wp-json\/wp\/v2\/comments?post=36739"}],"version-history":[{"count":1,"href":"https:\/\/www.sincomam.org.br\/index.php\/wp-json\/wp\/v2\/posts\/36739\/revisions"}],"predecessor-version":[{"id":36741,"href":"https:\/\/www.sincomam.org.br\/index.php\/wp-json\/wp\/v2\/posts\/36739\/revisions\/36741"}],"wp:featuredmedia":[{"embeddable":true,"href":"https:\/\/www.sincomam.org.br\/index.php\/wp-json\/wp\/v2\/media\/36740"}],"wp:attachment":[{"href":"https:\/\/www.sincomam.org.br\/index.php\/wp-json\/wp\/v2\/media?parent=36739"}],"wp:term":[{"taxonomy":"category","embeddable":true,"href":"https:\/\/www.sincomam.org.br\/index.php\/wp-json\/wp\/v2\/categories?post=36739"},{"taxonomy":"post_tag","embeddable":true,"href":"https:\/\/www.sincomam.org.br\/index.php\/wp-json\/wp\/v2\/tags?post=36739"}],"curies":[{"name":"wp","href":"https:\/\/api.w.org\/{rel}","templated":true}]}}