{"id":36735,"date":"2021-12-03T09:48:59","date_gmt":"2021-12-03T12:48:59","guid":{"rendered":"http:\/\/www.sincomam.org.br\/?p=36735"},"modified":"2021-12-03T01:26:31","modified_gmt":"2021-12-03T04:26:31","slug":"capitania-dos-portos-tera-ponto-de-atendimento-no-vapt-vupt-do-antonio-bezerra-a-partir-de-terca-em-fortaleza","status":"publish","type":"post","link":"https:\/\/www.sincomam.org.br\/index.php\/capitania-dos-portos-tera-ponto-de-atendimento-no-vapt-vupt-do-antonio-bezerra-a-partir-de-terca-em-fortaleza\/","title":{"rendered":"Capitania dos Portos ter\u00e1 ponto de atendimento no Vapt Vupt do Ant\u00f4nio Bezerra a partir de ter\u00e7a, em Fortaleza"},"content":{"rendered":"<div class=\"mc-column content-text active-extra-styles \" data-block-type=\"unstyled\" data-block-weight=\"46\" data-block-id=\"2\">\n<p class=\"content-text__container \" data-track-category=\"Link no Texto\" data-track-links=\"\">A Marinha do Brasil vai abrir um novo ponto de atendimento da Capitania dos Portos do Cear\u00e1 na central de servi\u00e7os Vapt Vupt do Bairro Ant\u00f4nio Bezerra, em Fortaleza. A nova unidade ser\u00e1 inaugurada na pr\u00f3xima ter\u00e7a-feira (7), em parceria com o Governo do Estado do Cear\u00e1.<\/p>\n<\/div>\n<div class=\"wall protected-content\">\n<div class=\"mc-column content-text active-extra-styles \" data-block-type=\"unstyled\" data-block-weight=\"34\" data-block-id=\"3\">\n<p class=\"content-text__container \" data-track-category=\"Link no Texto\" data-track-links=\"\">Segundo a Marinha, a abertura do novo ponto de atendimento tem como objetivo ampliar o alcance do atendimento da Capitania dos Portos para facilitar o acesso da comunidade mar\u00edtima do Cear\u00e1 aos servi\u00e7os ofertados.<\/p>\n<\/div>\n<div class=\"mc-column content-text active-extra-styles \" data-block-type=\"unstyled\" data-block-weight=\"11\" data-block-id=\"4\">\n<p class=\"content-text__container \" data-track-category=\"Link no Texto\" data-track-links=\"\"><strong>O novo ponto de atendimento vai ofertar \u00e0 popula\u00e7\u00e3o servi\u00e7os como:<\/strong><\/p>\n<\/div>\n<div class=\"mc-column content-text active-extra-styles\" data-block-type=\"raw\" data-block-weight=\"35\" data-block-id=\"5\">\n<ul class=\"content-unordered-list\">\n<li>homologa\u00e7\u00e3o de embarque de aquavi\u00e1rios brasileiros em navios de outras bandeiras;<\/li>\n<li>revalida\u00e7\u00e3o e emiss\u00e3o de 2\u00aa via de Caderneta de Inscri\u00e7\u00e3o e Registro (CIR);<\/li>\n<li>identifica\u00e7\u00e3o;<\/li>\n<li>ascens\u00e3o de categoria;<\/li>\n<li>transfer\u00eancia de jurisdi\u00e7\u00e3o para aquavi\u00e1rios, entre outros.<\/li>\n<\/ul>\n<p>Para mais informa\u00e7\u00f5es, a Capitania dos Portos disponibiliza os telefones (85) 3133-5100, (85) 3133-5139 e (85) 3133-5113, al\u00e9m do e-mail cpce.secom@marinha.mil.br.<\/p>\n<\/div>\n<\/div>\n","protected":false},"excerpt":{"rendered":"<p>A Marinha do Brasil vai abrir um novo ponto de atendimento da Capitania dos Portos do Cear\u00e1 na central de servi\u00e7os Vapt Vupt do Bairro&#8230;<\/p>\n","protected":false},"author":1527,"featured_media":36736,"comment_status":"closed","ping_status":"closed","sticky":false,"template":"","format":"standard","meta":{"footnotes":""},"categories":[6],"tags":[],"class_list":["post-36735","post","type-post","status-publish","format-standard","has-post-thumbnail","hentry","category-noticias"],"_links":{"self":[{"href":"https:\/\/www.sincomam.org.br\/index.php\/wp-json\/wp\/v2\/posts\/36735","targetHints":{"allow":["GET"]}}],"collection":[{"href":"https:\/\/www.sincomam.org.br\/index.php\/wp-json\/wp\/v2\/posts"}],"about":[{"href":"https:\/\/www.sincomam.org.br\/index.php\/wp-json\/wp\/v2\/types\/post"}],"author":[{"embeddable":true,"href":"https:\/\/www.sincomam.org.br\/index.php\/wp-json\/wp\/v2\/users\/1527"}],"replies":[{"embeddable":true,"href":"https:\/\/www.sincomam.org.br\/index.php\/wp-json\/wp\/v2\/comments?post=36735"}],"version-history":[{"count":1,"href":"https:\/\/www.sincomam.org.br\/index.php\/wp-json\/wp\/v2\/posts\/36735\/revisions"}],"predecessor-version":[{"id":36737,"href":"https:\/\/www.sincomam.org.br\/index.php\/wp-json\/wp\/v2\/posts\/36735\/revisions\/36737"}],"wp:featuredmedia":[{"embeddable":true,"href":"https:\/\/www.sincomam.org.br\/index.php\/wp-json\/wp\/v2\/media\/36736"}],"wp:attachment":[{"href":"https:\/\/www.sincomam.org.br\/index.php\/wp-json\/wp\/v2\/media?parent=36735"}],"wp:term":[{"taxonomy":"category","embeddable":true,"href":"https:\/\/www.sincomam.org.br\/index.php\/wp-json\/wp\/v2\/categories?post=36735"},{"taxonomy":"post_tag","embeddable":true,"href":"https:\/\/www.sincomam.org.br\/index.php\/wp-json\/wp\/v2\/tags?post=36735"}],"curies":[{"name":"wp","href":"https:\/\/api.w.org\/{rel}","templated":true}]}}