{"id":36726,"date":"2021-12-03T09:35:09","date_gmt":"2021-12-03T12:35:09","guid":{"rendered":"http:\/\/www.sincomam.org.br\/?p=36726"},"modified":"2021-12-03T00:53:59","modified_gmt":"2021-12-03T03:53:59","slug":"ministerio-da-saude-confirma-cinco-casos-da-variante-omicron-no-brasil","status":"publish","type":"post","link":"https:\/\/www.sincomam.org.br\/index.php\/ministerio-da-saude-confirma-cinco-casos-da-variante-omicron-no-brasil\/","title":{"rendered":"Minist\u00e9rio da Sa\u00fade confirma cinco casos da variante \u00d4micron no Brasil"},"content":{"rendered":"<p>O Minist\u00e9rio da Sa\u00fade confirmou nesta quinta-feira (2) cinco casos da variante \u00d4micron no Brasil \u2013 tr\u00eas em S\u00e3o Paulo e dois no Distrito Federal. S\u00e3o quatro homens e uma mulher, todos vacinados contra a covid-19. Eles est\u00e3o isolados e pelo menos um apresenta sintomas leves. A maioria est\u00e1 assintom\u00e1tica.<\/p>\n<p>De acordo com a pasta, h\u00e1 ainda oito casos da variante em investiga\u00e7\u00e3o no pa\u00eds, sendo um em Minas Gerais, um no Rio de Janeiro e seis no Distrito Federal.<\/p>\n<p>\u201cHoje, temos uma situa\u00e7\u00e3o sanit\u00e1ria bem mais equilibrada, mas lidamos com a imprevisibilidade biol\u00f3gica desse v\u00edrus, que sofre muta\u00e7\u00f5es. A vigil\u00e2ncia em sa\u00fade est\u00e1 atenta e atuante pra que essas variantes sejam identificadas e pra que se avalie o potencial dessa variante complicar o cen\u00e1rio pand\u00eamico\u201d, disse o ministro da Sa\u00fade, Marcelo Queiroga.<\/p>\n<p>&nbsp;<\/p>\n<p>Fonte: Ag\u00eancia Brasil<\/p>\n","protected":false},"excerpt":{"rendered":"<p>O Minist\u00e9rio da Sa\u00fade confirmou nesta quinta-feira (2) cinco casos da variante \u00d4micron no Brasil \u2013 tr\u00eas em S\u00e3o Paulo e dois no Distrito Federal&#8230;.<\/p>\n","protected":false},"author":1527,"featured_media":30047,"comment_status":"closed","ping_status":"closed","sticky":false,"template":"","format":"standard","meta":{"footnotes":""},"categories":[6],"tags":[],"class_list":["post-36726","post","type-post","status-publish","format-standard","has-post-thumbnail","hentry","category-noticias"],"_links":{"self":[{"href":"https:\/\/www.sincomam.org.br\/index.php\/wp-json\/wp\/v2\/posts\/36726","targetHints":{"allow":["GET"]}}],"collection":[{"href":"https:\/\/www.sincomam.org.br\/index.php\/wp-json\/wp\/v2\/posts"}],"about":[{"href":"https:\/\/www.sincomam.org.br\/index.php\/wp-json\/wp\/v2\/types\/post"}],"author":[{"embeddable":true,"href":"https:\/\/www.sincomam.org.br\/index.php\/wp-json\/wp\/v2\/users\/1527"}],"replies":[{"embeddable":true,"href":"https:\/\/www.sincomam.org.br\/index.php\/wp-json\/wp\/v2\/comments?post=36726"}],"version-history":[{"count":1,"href":"https:\/\/www.sincomam.org.br\/index.php\/wp-json\/wp\/v2\/posts\/36726\/revisions"}],"predecessor-version":[{"id":36727,"href":"https:\/\/www.sincomam.org.br\/index.php\/wp-json\/wp\/v2\/posts\/36726\/revisions\/36727"}],"wp:featuredmedia":[{"embeddable":true,"href":"https:\/\/www.sincomam.org.br\/index.php\/wp-json\/wp\/v2\/media\/30047"}],"wp:attachment":[{"href":"https:\/\/www.sincomam.org.br\/index.php\/wp-json\/wp\/v2\/media?parent=36726"}],"wp:term":[{"taxonomy":"category","embeddable":true,"href":"https:\/\/www.sincomam.org.br\/index.php\/wp-json\/wp\/v2\/categories?post=36726"},{"taxonomy":"post_tag","embeddable":true,"href":"https:\/\/www.sincomam.org.br\/index.php\/wp-json\/wp\/v2\/tags?post=36726"}],"curies":[{"name":"wp","href":"https:\/\/api.w.org\/{rel}","templated":true}]}}