{"id":36719,"date":"2021-12-02T09:10:15","date_gmt":"2021-12-02T12:10:15","guid":{"rendered":"http:\/\/www.sincomam.org.br\/?p=36719"},"modified":"2021-12-02T03:47:57","modified_gmt":"2021-12-02T06:47:57","slug":"agencia-nacional-de-transportes-aquaviarios-e-autoridade-maritima-dinamarquesa-realizam-webinar-sobre-cooperacao-maritima","status":"publish","type":"post","link":"https:\/\/www.sincomam.org.br\/index.php\/agencia-nacional-de-transportes-aquaviarios-e-autoridade-maritima-dinamarquesa-realizam-webinar-sobre-cooperacao-maritima\/","title":{"rendered":"Ag\u00eancia Nacional de Transportes Aquavi\u00e1rios e autoridade mar\u00edtima dinamarquesa realizam webinar sobre coopera\u00e7\u00e3o mar\u00edtima"},"content":{"rendered":"<p>A Ag\u00eancia Nacional de Transportes Aquavi\u00e1rios (ANTAQ) e a Autoridade Mar\u00edtima Dinamarquesa (DMA) realizam, nesta quinta-feira (2\/12), a partir das 10h, o semin\u00e1rio virtual intitulado \u201cCoopera\u00e7\u00e3o Mar\u00edtima ANTAQ-DMA: Tend\u00eancias e Perspectivas.\u201d O webinar contar\u00e1 com a presen\u00e7a de autoridades das duas institui\u00e7\u00f5es, incluindo o diretor-geral da Ag\u00eancia, Eduardo Nery, a diretora geral adjunta da DMA, Rikke Wetter Olufsen, e o embaixador da Dinamarca, Nicolai Prytz.<\/p>\n<p>\u201cEste ser\u00e1 um evento importante para n\u00f3s, porque al\u00e9m de propiciar uma maior aproxima\u00e7\u00e3o entre as \u00e1reas t\u00e9cnicas dos dois pa\u00edses, vai possibilitar o avan\u00e7o em pautas de maior relev\u00e2ncia internacional como, por exemplo, a quest\u00e3o da sustentabilidade e da navega\u00e7\u00e3o mar\u00edtima\u201d, afirmou Nery.<\/p>\n<p>No semin\u00e1rio virtual ser\u00e3o discutidas as iniciativas nacionais de pol\u00edticas p\u00fablicas sobre o setor mar\u00edtimo e possibilidades futuras de coopera\u00e7\u00e3o. Em maio deste ano, a ANTAQ e a DMA renovaram o Memorando de Entendimento, formalizado em 2015, que trata do interesse m\u00fatuo da promo\u00e7\u00e3o da coopera\u00e7\u00e3o mar\u00edtima, por meio da troca de informa\u00e7\u00f5es e experi\u00eancias com rela\u00e7\u00e3o \u00e0s pol\u00edticas, programas de estudo e pesquisa, cursos, semin\u00e1rios e outras atividades brasileiras e dinamarquesas. Esse ser\u00e1 o primeiro evento, ap\u00f3s a renova\u00e7\u00e3o.<\/p>\n<p>&nbsp;<\/p>\n<p>Fonte: Ag\u00eancia Brasil<\/p>\n","protected":false},"excerpt":{"rendered":"<p>A Ag\u00eancia Nacional de Transportes Aquavi\u00e1rios (ANTAQ) e a Autoridade Mar\u00edtima Dinamarquesa (DMA) realizam, nesta quinta-feira (2\/12), a partir das 10h, o semin\u00e1rio virtual intitulado&#8230;<\/p>\n","protected":false},"author":1527,"featured_media":20206,"comment_status":"closed","ping_status":"closed","sticky":false,"template":"","format":"standard","meta":{"footnotes":""},"categories":[6],"tags":[],"class_list":["post-36719","post","type-post","status-publish","format-standard","has-post-thumbnail","hentry","category-noticias"],"_links":{"self":[{"href":"https:\/\/www.sincomam.org.br\/index.php\/wp-json\/wp\/v2\/posts\/36719","targetHints":{"allow":["GET"]}}],"collection":[{"href":"https:\/\/www.sincomam.org.br\/index.php\/wp-json\/wp\/v2\/posts"}],"about":[{"href":"https:\/\/www.sincomam.org.br\/index.php\/wp-json\/wp\/v2\/types\/post"}],"author":[{"embeddable":true,"href":"https:\/\/www.sincomam.org.br\/index.php\/wp-json\/wp\/v2\/users\/1527"}],"replies":[{"embeddable":true,"href":"https:\/\/www.sincomam.org.br\/index.php\/wp-json\/wp\/v2\/comments?post=36719"}],"version-history":[{"count":1,"href":"https:\/\/www.sincomam.org.br\/index.php\/wp-json\/wp\/v2\/posts\/36719\/revisions"}],"predecessor-version":[{"id":36720,"href":"https:\/\/www.sincomam.org.br\/index.php\/wp-json\/wp\/v2\/posts\/36719\/revisions\/36720"}],"wp:featuredmedia":[{"embeddable":true,"href":"https:\/\/www.sincomam.org.br\/index.php\/wp-json\/wp\/v2\/media\/20206"}],"wp:attachment":[{"href":"https:\/\/www.sincomam.org.br\/index.php\/wp-json\/wp\/v2\/media?parent=36719"}],"wp:term":[{"taxonomy":"category","embeddable":true,"href":"https:\/\/www.sincomam.org.br\/index.php\/wp-json\/wp\/v2\/categories?post=36719"},{"taxonomy":"post_tag","embeddable":true,"href":"https:\/\/www.sincomam.org.br\/index.php\/wp-json\/wp\/v2\/tags?post=36719"}],"curies":[{"name":"wp","href":"https:\/\/api.w.org\/{rel}","templated":true}]}}