{"id":36717,"date":"2021-12-02T09:27:22","date_gmt":"2021-12-02T12:27:22","guid":{"rendered":"http:\/\/www.sincomam.org.br\/?p=36717"},"modified":"2021-12-02T03:31:37","modified_gmt":"2021-12-02T06:31:37","slug":"anvisa-reforca-pedido-ao-governo-para-restringir-voos-e-exigir-vacinacao-completa-de-viajantes","status":"publish","type":"post","link":"https:\/\/www.sincomam.org.br\/index.php\/anvisa-reforca-pedido-ao-governo-para-restringir-voos-e-exigir-vacinacao-completa-de-viajantes\/","title":{"rendered":"Anvisa refor\u00e7a pedido ao governo para restringir voos e exigir vacina\u00e7\u00e3o completa de viajantes"},"content":{"rendered":"<p>A Ag\u00eancia Nacional de Vigil\u00e2ncia Sanit\u00e1ria (Anvisa) enviou nesta quarta-feira um novo parecer \u00e0 Casa Civil do governo Jair Bolsonaro para pedir a ado\u00e7\u00e3o de medidas mais r\u00edgidas no acesso de viajantes ao pa\u00eds. A inten\u00e7\u00e3o \u00e9 evitar o aumento dos casos de Covid-19 ap\u00f3s a descoberta da variante \u00f4micron.<\/p>\n<p>A Anvisa aponta que o cen\u00e1rio \u00e9 preocupante, entre outros motivos, porque os pa\u00edses no sul da \u00c1frica mais atingidos pela \u00f4micron t\u00eam baixa cobertura vacinal. Ao n\u00e3o exigir o comprovante de vacina\u00e7\u00e3o, o pa\u00eds facilita a entrada de pessoas n\u00e3o vacinadas, e que podem estar carregando o v\u00edrus.<\/p>\n<p>No of\u00edcio, a Anvisa destaca que a apresenta\u00e7\u00e3o do comprovante de vacina\u00e7\u00e3o &#8220;\u00e9 um importante requisito para ingresso ao pa\u00eds e ainda mais necess\u00e1rio diante da identifica\u00e7\u00e3o da variante \u00f4micron em territ\u00f3rio nacional e do consequente esfor\u00e7o para a sua conten\u00e7\u00e3o&#8221;.<\/p>\n<p>Segundo a ag\u00eancia reguladora, a medida foi sugerida ao governo em 12 de novembro, mas afirma que o comit\u00ea interministerial respons\u00e1vel por decidir sobre a ado\u00e7\u00e3o da exig\u00eancia ainda n\u00e3o avaliou a recomenda\u00e7\u00e3o da ag\u00eancia.<\/p>\n<p>A ag\u00eancia afirma ainda que h\u00e1 mais de um ano tem &#8220;reiteradamente recomendado&#8221; a ado\u00e7\u00e3o da quarentena ou auto quarentena para viajantes que entrem em territ\u00f3rio nacional.<\/p>\n<p>Na nota t\u00e9cnica enviada ao governo, a Anvisa diz ter identificado rotas a\u00e9reas que conectam, indiretamente, o Brasil aos pa\u00edses que j\u00e1 foram inclu\u00eddos nas restri\u00e7\u00f5es de voos. H\u00e1 trajetos conectando o Brasil e essas na\u00e7\u00f5es que passam por Eti\u00f3pia, Catar, Emirados \u00c1rabes Unidos e Turquia. Dessa forma, \u00e9 poss\u00edvel que os passageiros hoje barrados utilizem essas conex\u00f5es para sa\u00edrem dos pa\u00edses sob restri\u00e7\u00e3o no sul da \u00c1frica e chegar ao Brasil.<\/p>\n<p>Fonte: G1<\/p>\n","protected":false},"excerpt":{"rendered":"<p>A Ag\u00eancia Nacional de Vigil\u00e2ncia Sanit\u00e1ria (Anvisa) enviou nesta quarta-feira um novo parecer \u00e0 Casa Civil do governo Jair Bolsonaro para pedir a ado\u00e7\u00e3o de&#8230;<\/p>\n","protected":false},"author":1527,"featured_media":28853,"comment_status":"closed","ping_status":"closed","sticky":false,"template":"","format":"standard","meta":{"footnotes":""},"categories":[6],"tags":[],"class_list":["post-36717","post","type-post","status-publish","format-standard","has-post-thumbnail","hentry","category-noticias"],"_links":{"self":[{"href":"https:\/\/www.sincomam.org.br\/index.php\/wp-json\/wp\/v2\/posts\/36717","targetHints":{"allow":["GET"]}}],"collection":[{"href":"https:\/\/www.sincomam.org.br\/index.php\/wp-json\/wp\/v2\/posts"}],"about":[{"href":"https:\/\/www.sincomam.org.br\/index.php\/wp-json\/wp\/v2\/types\/post"}],"author":[{"embeddable":true,"href":"https:\/\/www.sincomam.org.br\/index.php\/wp-json\/wp\/v2\/users\/1527"}],"replies":[{"embeddable":true,"href":"https:\/\/www.sincomam.org.br\/index.php\/wp-json\/wp\/v2\/comments?post=36717"}],"version-history":[{"count":1,"href":"https:\/\/www.sincomam.org.br\/index.php\/wp-json\/wp\/v2\/posts\/36717\/revisions"}],"predecessor-version":[{"id":36718,"href":"https:\/\/www.sincomam.org.br\/index.php\/wp-json\/wp\/v2\/posts\/36717\/revisions\/36718"}],"wp:featuredmedia":[{"embeddable":true,"href":"https:\/\/www.sincomam.org.br\/index.php\/wp-json\/wp\/v2\/media\/28853"}],"wp:attachment":[{"href":"https:\/\/www.sincomam.org.br\/index.php\/wp-json\/wp\/v2\/media?parent=36717"}],"wp:term":[{"taxonomy":"category","embeddable":true,"href":"https:\/\/www.sincomam.org.br\/index.php\/wp-json\/wp\/v2\/categories?post=36717"},{"taxonomy":"post_tag","embeddable":true,"href":"https:\/\/www.sincomam.org.br\/index.php\/wp-json\/wp\/v2\/tags?post=36717"}],"curies":[{"name":"wp","href":"https:\/\/api.w.org\/{rel}","templated":true}]}}