{"id":36712,"date":"2021-12-02T09:16:16","date_gmt":"2021-12-02T12:16:16","guid":{"rendered":"http:\/\/www.sincomam.org.br\/?p=36712"},"modified":"2021-12-02T03:13:12","modified_gmt":"2021-12-02T06:13:12","slug":"ministro-projeta-investimento-privado-de-r-150-bilhoes-em-novas-linhas-ferroviarias-no-pais","status":"publish","type":"post","link":"https:\/\/www.sincomam.org.br\/index.php\/ministro-projeta-investimento-privado-de-r-150-bilhoes-em-novas-linhas-ferroviarias-no-pais\/","title":{"rendered":"Ministro projeta investimento privado de R$ 150 bilh\u00f5es em novas linhas ferrovi\u00e1rias no pa\u00eds"},"content":{"rendered":"<p>A possibilidade de empresas privadas investirem diretamente na cria\u00e7\u00e3o e na opera\u00e7\u00e3o de novas linhas f\u00e9rreas pelo instrumento da autoriza\u00e7\u00e3o deve gerar um investimento de R$ 150 bilh\u00f5es nos pr\u00f3ximos anos, projetou nesta segunda-feira (29) o ministro da Infraestrutura, Tarc\u00edsio Gomes de Freitas. Junto com o diretor-presidente da Valec, Andr\u00e9 Kuhn, ele participou de um debate sobre o Marco Legal das Ferrovias e o programa Pro Trilhos em An\u00e1polis (GO).<\/p>\n<p>\u201cEm muito pouco tempo, vamos chegar a R$ 150 bilh\u00f5es em investimento privado em ferrovias. Isso \u00e9 muito? Bom, o or\u00e7amento do MInfra \u00e9 de R$ 6,5 bilh\u00f5es\u201d, disse o ministro, comparando o valor dispon\u00edvel que o Minist\u00e9rio da Infraestrutura tem para investir anualmente e a quantidade de projetos esperada pelo Governo Federal.<\/p>\n<p>At\u00e9 o momento, s\u00e3o 24 pedidos de novas linhas f\u00e9rreas encaminhados pela iniciativa privada, com previs\u00e3o \u00e9 de 7.590,69 quil\u00f4metros de ferrovias e investimentos na ordem de R$ 100,92 bilh\u00f5es. Outros tr\u00eas projetos est\u00e3o em fase inicial, de confer\u00eancia de documenta\u00e7\u00e3o pela equipe da SNTT: quando devidamente formalizadas, eles podem elevar a proje\u00e7\u00e3o de investimentos para R$ 117 bilh\u00f5es. Tamb\u00e9m tem a expectativa de que sejam criados 2 milh\u00f5es de postos de trabalho diretos e indiretos, al\u00e9m da diminui\u00e7\u00e3o do custo de transporte, da emiss\u00e3o de CO2 e a moderniza\u00e7\u00e3o da malha ferrovi\u00e1ria nacional.<\/p>\n<p>\u201cAquela hist\u00f3ria de pa\u00eds eficiente s\u00f3 da porta para dentro, e n\u00e3o da porta para fora, ficar\u00e1 no passado\u201d, acrescentou Tarc\u00edsio. A meta do Governo Federal para o setor de infraestrutura de transportes \u00e9 fechar 2022 com mais de R$ 300 bilh\u00f5es em investimentos contratados.<\/p>\n<p>Fonte: MInfra<\/p>\n","protected":false},"excerpt":{"rendered":"<p>A possibilidade de empresas privadas investirem diretamente na cria\u00e7\u00e3o e na opera\u00e7\u00e3o de novas linhas f\u00e9rreas pelo instrumento da autoriza\u00e7\u00e3o deve gerar um investimento de&#8230;<\/p>\n","protected":false},"author":1527,"featured_media":28616,"comment_status":"closed","ping_status":"closed","sticky":false,"template":"","format":"standard","meta":{"footnotes":""},"categories":[6],"tags":[],"class_list":["post-36712","post","type-post","status-publish","format-standard","has-post-thumbnail","hentry","category-noticias"],"_links":{"self":[{"href":"https:\/\/www.sincomam.org.br\/index.php\/wp-json\/wp\/v2\/posts\/36712","targetHints":{"allow":["GET"]}}],"collection":[{"href":"https:\/\/www.sincomam.org.br\/index.php\/wp-json\/wp\/v2\/posts"}],"about":[{"href":"https:\/\/www.sincomam.org.br\/index.php\/wp-json\/wp\/v2\/types\/post"}],"author":[{"embeddable":true,"href":"https:\/\/www.sincomam.org.br\/index.php\/wp-json\/wp\/v2\/users\/1527"}],"replies":[{"embeddable":true,"href":"https:\/\/www.sincomam.org.br\/index.php\/wp-json\/wp\/v2\/comments?post=36712"}],"version-history":[{"count":1,"href":"https:\/\/www.sincomam.org.br\/index.php\/wp-json\/wp\/v2\/posts\/36712\/revisions"}],"predecessor-version":[{"id":36713,"href":"https:\/\/www.sincomam.org.br\/index.php\/wp-json\/wp\/v2\/posts\/36712\/revisions\/36713"}],"wp:featuredmedia":[{"embeddable":true,"href":"https:\/\/www.sincomam.org.br\/index.php\/wp-json\/wp\/v2\/media\/28616"}],"wp:attachment":[{"href":"https:\/\/www.sincomam.org.br\/index.php\/wp-json\/wp\/v2\/media?parent=36712"}],"wp:term":[{"taxonomy":"category","embeddable":true,"href":"https:\/\/www.sincomam.org.br\/index.php\/wp-json\/wp\/v2\/categories?post=36712"},{"taxonomy":"post_tag","embeddable":true,"href":"https:\/\/www.sincomam.org.br\/index.php\/wp-json\/wp\/v2\/tags?post=36712"}],"curies":[{"name":"wp","href":"https:\/\/api.w.org\/{rel}","templated":true}]}}