{"id":36708,"date":"2021-12-02T09:05:16","date_gmt":"2021-12-02T12:05:16","guid":{"rendered":"http:\/\/www.sincomam.org.br\/?p=36708"},"modified":"2021-12-02T03:08:33","modified_gmt":"2021-12-02T06:08:33","slug":"comissao-de-orcamento-acrescenta-r-72-bilhoes-a-receita-do-ano-que-vem-que-ultrapassa-r-2-trilhoes","status":"publish","type":"post","link":"https:\/\/www.sincomam.org.br\/index.php\/comissao-de-orcamento-acrescenta-r-72-bilhoes-a-receita-do-ano-que-vem-que-ultrapassa-r-2-trilhoes\/","title":{"rendered":"Comiss\u00e3o de Or\u00e7amento acrescenta R$ 72 bilh\u00f5es \u00e0 receita do ano que vem, que ultrapassa R$ 2 trilh\u00f5es"},"content":{"rendered":"<p>A Comiss\u00e3o Mista de Or\u00e7amento aprovou, nesta quarta-feira, acr\u00e9scimo de R$ 72,1 bilh\u00f5es na receita do projeto de lei or\u00e7ament\u00e1ria para o ano que vem (PLN 19\/21). O relator da receita, senador Oriovisto Guimar\u00e3es (Pode-PR), afirma que, com isso, o Or\u00e7amento de 2022 dever\u00e1 alcan\u00e7ar um marco hist\u00f3rico nas finan\u00e7as p\u00fablicas, ultrapassando a marca de R$ 2 trilh\u00f5es nas receitas prim\u00e1rias do governo federal \u2013 R$ 2,028 trilh\u00f5es.<\/p>\n<p>&#8220;Entregaremos o projeto de lei or\u00e7ament\u00e1ria de 2022 ao relator-geral muito pr\u00f3ximo de um d\u00e9ficit prim\u00e1rio zero. Restam apenas R$ 2 bilh\u00f5es para chegar ao equil\u00edbrio or\u00e7ament\u00e1rio em 2022. Isso ser\u00e1 um feito hist\u00f3rico, interrompendo a sequ\u00eancia de d\u00e9ficits prim\u00e1rios observados nos \u00faltimos oito anos&#8221;, disse.<\/p>\n<p>A reestimativa da receita se deve principalmente \u00e0s mudan\u00e7as nas proje\u00e7\u00f5es do crescimento do PIB, da infla\u00e7\u00e3o e da taxa Selic de juros b\u00e1sicos. &#8220;O ano de 2021 foi melhor do que o de 2020, mas ainda com efeitos negativos por causa da pandemia, que trar\u00e1 efeitos negativos de longo prazo no mundo e no Brasil. H\u00e1 recupera\u00e7\u00e3o de empregos, mas persiste a queda de renda nas fam\u00edlias que perderam entes queridos&#8221;, observou o relator.<\/p>\n<p>O projeto de lei or\u00e7ament\u00e1ria ainda n\u00e3o inclui o c\u00e1lculo de receitas que se espera arrecadar com a privatiza\u00e7\u00e3o da Eletrobr\u00e1s (cerca de R$ 23 bilh\u00f5es), al\u00e9m das licita\u00e7\u00f5es para volumes de petr\u00f3leo excedentes da cess\u00e3o onerosa de campos do pr\u00e9-sal (R$ 4,3 bilh\u00f5es para a Uni\u00e3o) e da telefonia m\u00f3vel 5G. &#8220;N\u00e3o acrescentamos essas receitas em virtude das incertezas presentes com a\u00e7\u00f5es judiciais&#8221;, explicou Oriovisto Guimar\u00e3es.<\/p>\n<p>Ren\u00fancias<br \/>\nEm seu relat\u00f3rio, o senador acatou apenas uma emenda do senador Vanderlan Cardoso (PSD-GO), que sugere a concess\u00e3o de ren\u00fancia fiscal de R$ 320 milh\u00f5es. O benef\u00edcio tem como base o Projeto de Lei 4726\/20, j\u00e1 aprovado pelo Senado, que exclui da base de c\u00e1lculo da contribui\u00e7\u00e3o para o PIS-Pasep e a Cofins os valores repassados pelas cooperativas de presta\u00e7\u00e3o de servi\u00e7os aos seus cooperados.<\/p>\n<p>As ren\u00fancias de receita somam R$ 371,1 bilh\u00f5es para 2022 (3,95% do PIB), equivalente a 20,2% da arrecada\u00e7\u00e3o projetada. Os maiores benef\u00edcios tribut\u00e1rios decorrem de desonera\u00e7\u00f5es concedidas no Simples Nacional (R$ 81,8 bilh\u00f5es ou 22% desses gastos), da agricultura e agroind\u00fastria (R$ 47,5 bilh\u00f5es ou 12,8%), da Zona Franca de Manaus e \u00e1reas de livre com\u00e9rcio (R$ 45,6 bilh\u00f5es ou 12,3%) e rendimentos isentos e n\u00e3o tribut\u00e1veis (R$ 36,6 bilh\u00f5es ou 9,9%). Juntos, esses benef\u00edcios respondem por cerca de 57% do total do gasto tribut\u00e1rio estimado para o ano que vem.<\/p>\n<p>Par\u00e2metros<br \/>\nEm sua estimativa mais recente, o Minist\u00e9rio da Economia projeta que o PIB crescer\u00e1 5,1% neste ano e 2,1% em 2022. O mercado tem um cen\u00e1rio menos otimista, com crescimento de 4,8% e 0,7%, respectivamente. O governo espera que a infla\u00e7\u00e3o pelo IPCA encerre este ano com 9,7%, menos do que a proje\u00e7\u00e3o do mercado, de 10,1%. No ano que vem, o IPCA pode chegar a 4,7%, segundo o governo, e 4,96%, segundo o mercado. J\u00e1 as estimativas do Minist\u00e9rio da Economia para Selic s\u00e3o de 9,15% neste ano e 11,25% no ano que vem.<\/p>\n<p>Precat\u00f3rios<br \/>\nO l\u00edder do governo na comiss\u00e3o, deputado Claudio Cajado (PP-BA), anunciou acordo de lideran\u00e7as para que o relator-geral, deputado Hugo Leal (PSD-RJ), inclua em seu relat\u00f3rio mudan\u00e7as que ser\u00e3o encaminhadas pelo governo por of\u00edcio, com base na aprova\u00e7\u00e3o da PEC dos Precat\u00f3rios. O cronograma da Comiss\u00e3o Mista de Or\u00e7amento prev\u00ea a apresenta\u00e7\u00e3o do parecer preliminar do projeto de lei or\u00e7ament\u00e1ria nesta sexta-feira (3), para vota\u00e7\u00e3o na pr\u00f3xima segunda-feira (6). No entanto, o Poder Executivo n\u00e3o poder\u00e1 enviar mensagem modificativa ao projeto de lei or\u00e7ament\u00e1ria (PLN 19\/21) ap\u00f3s a aprova\u00e7\u00e3o do parecer preliminar.<\/p>\n<p>O deputado Domingos S\u00e1vio (PSDB-MG) observou que, sem este acordo, n\u00e3o seria poss\u00edvel votar o relat\u00f3rio preliminar no prazo. &#8220;Ficou claro que o membros da CMO desejam votar o Or\u00e7amento neste ano. N\u00e3o queremos prejudicar o calend\u00e1rio do Or\u00e7amento&#8221;, comentou Claudio Cajado.<\/p>\n<p>Fonte: Ag\u00eancia C\u00e2mara<\/p>\n","protected":false},"excerpt":{"rendered":"<p>A Comiss\u00e3o Mista de Or\u00e7amento aprovou, nesta quarta-feira, acr\u00e9scimo de R$ 72,1 bilh\u00f5es na receita do projeto de lei or\u00e7ament\u00e1ria para o ano que vem&#8230;<\/p>\n","protected":false},"author":1527,"featured_media":36704,"comment_status":"closed","ping_status":"closed","sticky":false,"template":"","format":"standard","meta":{"footnotes":""},"categories":[6],"tags":[],"class_list":["post-36708","post","type-post","status-publish","format-standard","has-post-thumbnail","hentry","category-noticias"],"_links":{"self":[{"href":"https:\/\/www.sincomam.org.br\/index.php\/wp-json\/wp\/v2\/posts\/36708","targetHints":{"allow":["GET"]}}],"collection":[{"href":"https:\/\/www.sincomam.org.br\/index.php\/wp-json\/wp\/v2\/posts"}],"about":[{"href":"https:\/\/www.sincomam.org.br\/index.php\/wp-json\/wp\/v2\/types\/post"}],"author":[{"embeddable":true,"href":"https:\/\/www.sincomam.org.br\/index.php\/wp-json\/wp\/v2\/users\/1527"}],"replies":[{"embeddable":true,"href":"https:\/\/www.sincomam.org.br\/index.php\/wp-json\/wp\/v2\/comments?post=36708"}],"version-history":[{"count":1,"href":"https:\/\/www.sincomam.org.br\/index.php\/wp-json\/wp\/v2\/posts\/36708\/revisions"}],"predecessor-version":[{"id":36709,"href":"https:\/\/www.sincomam.org.br\/index.php\/wp-json\/wp\/v2\/posts\/36708\/revisions\/36709"}],"wp:featuredmedia":[{"embeddable":true,"href":"https:\/\/www.sincomam.org.br\/index.php\/wp-json\/wp\/v2\/media\/36704"}],"wp:attachment":[{"href":"https:\/\/www.sincomam.org.br\/index.php\/wp-json\/wp\/v2\/media?parent=36708"}],"wp:term":[{"taxonomy":"category","embeddable":true,"href":"https:\/\/www.sincomam.org.br\/index.php\/wp-json\/wp\/v2\/categories?post=36708"},{"taxonomy":"post_tag","embeddable":true,"href":"https:\/\/www.sincomam.org.br\/index.php\/wp-json\/wp\/v2\/tags?post=36708"}],"curies":[{"name":"wp","href":"https:\/\/api.w.org\/{rel}","templated":true}]}}