{"id":36700,"date":"2021-12-01T19:42:29","date_gmt":"2021-12-01T22:42:29","guid":{"rendered":"http:\/\/www.sincomam.org.br\/?p=36700"},"modified":"2021-12-01T19:42:29","modified_gmt":"2021-12-01T22:42:29","slug":"porto-do-acu-passa-a-integrar-pacto-global-da-onu","status":"publish","type":"post","link":"https:\/\/www.sincomam.org.br\/index.php\/porto-do-acu-passa-a-integrar-pacto-global-da-onu\/","title":{"rendered":"Porto do A\u00e7u passa a integrar Pacto Global da ONU"},"content":{"rendered":"<p>A Porto do A\u00e7u Opera\u00e7\u00f5es, respons\u00e1vel pela administra\u00e7\u00e3o do Porto do A\u00e7u, passou a integrar a Rede Brasil do Pacto Global. Iniciativa das Na\u00e7\u00f5es Unidas (ONU), o Pacto Global \u00e9 uma chamada para as empresas alinharem suas estrat\u00e9gias e opera\u00e7\u00f5es a 10 princ\u00edpios universais nas \u00e1reas de Direitos Humanos, Trabalho, Meio Ambiente e Anticorrup\u00e7\u00e3o e desenvolverem a\u00e7\u00f5es que contribuam para o enfrentamento dos desafios da sociedade. \u00c9 hoje a maior iniciativa de sustentabilidade corporativa do mundo, com mais de 16 mil membros, entre empresas e organiza\u00e7\u00f5es, distribu\u00eddos em 69 redes locais, que abrangem 160 pa\u00edses.<\/p>\n<p>Ao integrar o Pacto, a Porto do A\u00e7u assume a responsabilidade de contribuir para o alcance dos 17 Objetivos de Desenvolvimento Sustent\u00e1vel (ODS) e se compromete a reportar anualmente seu progresso em rela\u00e7\u00e3o a esses objetivos. \u201cO ingresso em mais essa iniciativa \u00e9 um marco importante em nossos esfor\u00e7os de desenvolver o A\u00e7u como um porto-ind\u00fastria de classe mundial, comprometido com as melhores pr\u00e1ticas ambientais, sociais e de governan\u00e7a. Temos uma importante contribui\u00e7\u00e3o a dar para o alcance dos ODS\u201d, ressalta Jos\u00e9 Firmo, CEO da Porto do A\u00e7u Opera\u00e7\u00f5es.<\/p>\n<p>Em setembro, o Porto do A\u00e7u se tornou o primeiro no Brasil a receber a certifica\u00e7\u00e3o EcoPorts, principal reconhecimento internacional de gest\u00e3o ambiental no setor portu\u00e1rio. O engajamento na iniciativa da ONU ocorre um ano ap\u00f3s a aprova\u00e7\u00e3o da nova estrat\u00e9gia de sustentabilidade da Porto do A\u00e7u Opera\u00e7\u00f5es, constru\u00edda a partir de intensa colabora\u00e7\u00e3o com os acionistas Prumo Log\u00edstica e Porto de Antu\u00e9rpia Internacional.<\/p>\n<p>Recentemente, a empresa tamb\u00e9m divulgou seu primeiro Relat\u00f3rio de Sustentabilidade , referente ao ano-base 2020, com o objetivo de dar publicidade e transpar\u00eancia a sua performance em temas materiais da agenda de sustentabilidade.<\/p>\n<p>Tamb\u00e9m em 2021 o Porto do A\u00e7u formalizou sua ades\u00e3o ao Enviromental Ship Index (ESI), \u00edndice que classifica as embarca\u00e7\u00f5es que superam os padr\u00f5es de emiss\u00e3o estabelecidos pela Organiza\u00e7\u00e3o Mar\u00edtima Internacional (IMO, na sigla em ingl\u00eas). Navios que performam acima dos padr\u00f5es ambientais estabelecidos, incluindo os n\u00edveis de emiss\u00f5es de gases do efeito estufa, passaram a ter acesso a tarifas portu\u00e1rias diferenciadas. Com a iniciativa, o Porto do A\u00e7u passa a integrar uma lista de mais de 60 portos globais que adotaram o mecanismo de incentivo.<\/p>\n<p>Fonte: Meio Ambiente Rio<\/p>\n","protected":false},"excerpt":{"rendered":"<p>A Porto do A\u00e7u Opera\u00e7\u00f5es, respons\u00e1vel pela administra\u00e7\u00e3o do Porto do A\u00e7u, passou a integrar a Rede Brasil do Pacto Global. Iniciativa das Na\u00e7\u00f5es Unidas&#8230;<\/p>\n","protected":false},"author":1527,"featured_media":29852,"comment_status":"closed","ping_status":"closed","sticky":false,"template":"","format":"standard","meta":{"footnotes":""},"categories":[6],"tags":[],"class_list":["post-36700","post","type-post","status-publish","format-standard","has-post-thumbnail","hentry","category-noticias"],"_links":{"self":[{"href":"https:\/\/www.sincomam.org.br\/index.php\/wp-json\/wp\/v2\/posts\/36700","targetHints":{"allow":["GET"]}}],"collection":[{"href":"https:\/\/www.sincomam.org.br\/index.php\/wp-json\/wp\/v2\/posts"}],"about":[{"href":"https:\/\/www.sincomam.org.br\/index.php\/wp-json\/wp\/v2\/types\/post"}],"author":[{"embeddable":true,"href":"https:\/\/www.sincomam.org.br\/index.php\/wp-json\/wp\/v2\/users\/1527"}],"replies":[{"embeddable":true,"href":"https:\/\/www.sincomam.org.br\/index.php\/wp-json\/wp\/v2\/comments?post=36700"}],"version-history":[{"count":1,"href":"https:\/\/www.sincomam.org.br\/index.php\/wp-json\/wp\/v2\/posts\/36700\/revisions"}],"predecessor-version":[{"id":36701,"href":"https:\/\/www.sincomam.org.br\/index.php\/wp-json\/wp\/v2\/posts\/36700\/revisions\/36701"}],"wp:featuredmedia":[{"embeddable":true,"href":"https:\/\/www.sincomam.org.br\/index.php\/wp-json\/wp\/v2\/media\/29852"}],"wp:attachment":[{"href":"https:\/\/www.sincomam.org.br\/index.php\/wp-json\/wp\/v2\/media?parent=36700"}],"wp:term":[{"taxonomy":"category","embeddable":true,"href":"https:\/\/www.sincomam.org.br\/index.php\/wp-json\/wp\/v2\/categories?post=36700"},{"taxonomy":"post_tag","embeddable":true,"href":"https:\/\/www.sincomam.org.br\/index.php\/wp-json\/wp\/v2\/tags?post=36700"}],"curies":[{"name":"wp","href":"https:\/\/api.w.org\/{rel}","templated":true}]}}