{"id":36694,"date":"2021-12-01T19:13:56","date_gmt":"2021-12-01T22:13:56","guid":{"rendered":"http:\/\/www.sincomam.org.br\/?p=36694"},"modified":"2021-12-01T19:13:56","modified_gmt":"2021-12-01T22:13:56","slug":"rio-investiga-suspeita-de-variante-omicron-na-capital","status":"publish","type":"post","link":"https:\/\/www.sincomam.org.br\/index.php\/rio-investiga-suspeita-de-variante-omicron-na-capital\/","title":{"rendered":"Rio investiga suspeita de variante \u00d4micron na capital"},"content":{"rendered":"<p>A Superintend\u00eancia de Vigil\u00e2ncia em Sa\u00fade da Secretaria Municipal de Sa\u00fade do Rio de Janeiro (SMS) faz uma investiga\u00e7\u00e3o epidemiol\u00f3gica e monitora o caso de uma mulher de 29 anos que voltou de viagem \u00e0 \u00c1frica do Sul no dia 21. Apesar de assintom\u00e1tica, a mulher fez um exame de rotina e teve resultado positivo para covid-19, informou a secretaria.\u00a0Segundo a SMS, as amostras colhidas da paciente foram encaminhadas para exame de sequenciamento gen\u00e9tico, para identifica\u00e7\u00e3o da variante do v\u00edrus e com isso saber se \u00e9 a \u00d4micron, cuja exist\u00eancia foi revelada no pa\u00eds africano.<\/p>\n<p>\u201cOs contactantes da paciente tamb\u00e9m est\u00e3o sendo monitorados, assim como seu companheiro de viagem, sem outros casos positivos at\u00e9 o momento\u201d, completou, em nota, a secretaria.<\/p>\n<p>Fiocruz<br \/>\nA Funda\u00e7\u00e3o Oswaldo Cruz (Fiocruz) confirmou que recebeu a amostra encaminhada pela Secretaria Municipal de Sa\u00fade. Para seguir o protocolo adotado para verifica\u00e7\u00e3o de resultados, a funda\u00e7\u00e3o vai processar o material a partir da t\u00e9cnica de RT-PCR para detec\u00e7\u00e3o do v\u00edrus SARS-CoV-2.<\/p>\n<p>Segundo a Fiocruz, em caso positivo, e a depender da carga viral da amostra, poder\u00e1 ser realizada a t\u00e9cnica de sequenciamento gen\u00e9tico para defini\u00e7\u00e3o de sua linhagem e poss\u00edvel varia\u00e7\u00e3o. \u201cConforme protocolo do servi\u00e7o de refer\u00eancia nacional em v\u00edrus respirat\u00f3rios, o resultado da an\u00e1lise ser\u00e1 encaminhado diretamente para as secretarias de Sa\u00fade local e estadual, com prazo de at\u00e9 cinco dias.\u201d<\/p>\n<p>Na cidade do Rio de Janeiro, as unidades de sa\u00fade continuam com grande movimento de pacientes que chegam a toda hora reclamando de sintomas semelhantes aos da Influenza A e da covid-19. Isso provoca o ac\u00famulo de pessoas \u00e0 espera de testes da covid-19 para verificar se h\u00e1 contamina\u00e7\u00e3o.<\/p>\n<p>Al\u00e9m disso, nos postos de vacina\u00e7\u00e3o tamb\u00e9m \u00e9 grande a procura peloa imunizantes contra a covid-19 e a gripe. Depois de interromper a vacina\u00e7\u00e3o da gripe por falta de imunizantes, a SMS retomou as aplica\u00e7\u00f5es nesta quarta-feira (1\u00ba).<\/p>\n<p>S\u00e3o Paulo<br \/>\nNa capital paulista, foi confirmado hoje o terceiro caso de paciente com a variante \u00d4micron no Brasil. A amostra foi sequenciada geneticamente pelo Instituto Adolfo Lutz. O paciente \u00e9 um homem de 29 anos que desembarcou no Aeroporto de Guarulhos, vindo da Eti\u00f3pia. Embora n\u00e3o apresentasse sintomas, ele fez o teste para covid-19 no s\u00e1bado (27), e o resultado foi positivo. O homem j\u00e1 tinha recebido duas doses do imunizante da Pfizer.<\/p>\n<p>Al\u00e9m deste caso, um homem de 41 anos e uma mulher de 37, que chegaram da \u00c1frica do Sul, tiveram confirmada a variante \u00d4micron. A verifica\u00e7\u00e3o foi feita na tarde de ontem (30) pelo Adolfo Lutz, ap\u00f3s sequenciamento gen\u00e9tico no laborat\u00f3rio do Hospital Israelita Albert Einstein.<\/p>\n<p>A Vigil\u00e2ncia Sanit\u00e1ria Municipal de S\u00e3o Paulo informou que o casal foi vacinado, na \u00c1frica do Sul com o imunizante da Janssen.<\/p>\n<p>Fonte:\u00a0 Ag\u00eancia Brasil<\/p>\n","protected":false},"excerpt":{"rendered":"<p>A Superintend\u00eancia de Vigil\u00e2ncia em Sa\u00fade da Secretaria Municipal de Sa\u00fade do Rio de Janeiro (SMS) faz uma investiga\u00e7\u00e3o epidemiol\u00f3gica e monitora o caso de&#8230;<\/p>\n","protected":false},"author":1527,"featured_media":30047,"comment_status":"closed","ping_status":"closed","sticky":false,"template":"","format":"standard","meta":{"footnotes":""},"categories":[6],"tags":[],"class_list":["post-36694","post","type-post","status-publish","format-standard","has-post-thumbnail","hentry","category-noticias"],"_links":{"self":[{"href":"https:\/\/www.sincomam.org.br\/index.php\/wp-json\/wp\/v2\/posts\/36694","targetHints":{"allow":["GET"]}}],"collection":[{"href":"https:\/\/www.sincomam.org.br\/index.php\/wp-json\/wp\/v2\/posts"}],"about":[{"href":"https:\/\/www.sincomam.org.br\/index.php\/wp-json\/wp\/v2\/types\/post"}],"author":[{"embeddable":true,"href":"https:\/\/www.sincomam.org.br\/index.php\/wp-json\/wp\/v2\/users\/1527"}],"replies":[{"embeddable":true,"href":"https:\/\/www.sincomam.org.br\/index.php\/wp-json\/wp\/v2\/comments?post=36694"}],"version-history":[{"count":1,"href":"https:\/\/www.sincomam.org.br\/index.php\/wp-json\/wp\/v2\/posts\/36694\/revisions"}],"predecessor-version":[{"id":36695,"href":"https:\/\/www.sincomam.org.br\/index.php\/wp-json\/wp\/v2\/posts\/36694\/revisions\/36695"}],"wp:featuredmedia":[{"embeddable":true,"href":"https:\/\/www.sincomam.org.br\/index.php\/wp-json\/wp\/v2\/media\/30047"}],"wp:attachment":[{"href":"https:\/\/www.sincomam.org.br\/index.php\/wp-json\/wp\/v2\/media?parent=36694"}],"wp:term":[{"taxonomy":"category","embeddable":true,"href":"https:\/\/www.sincomam.org.br\/index.php\/wp-json\/wp\/v2\/categories?post=36694"},{"taxonomy":"post_tag","embeddable":true,"href":"https:\/\/www.sincomam.org.br\/index.php\/wp-json\/wp\/v2\/tags?post=36694"}],"curies":[{"name":"wp","href":"https:\/\/api.w.org\/{rel}","templated":true}]}}