{"id":36692,"date":"2021-12-01T19:06:56","date_gmt":"2021-12-01T22:06:56","guid":{"rendered":"http:\/\/www.sincomam.org.br\/?p=36692"},"modified":"2021-12-01T19:06:56","modified_gmt":"2021-12-01T22:06:56","slug":"partido-contesta-norma-do-ministerio-do-trabalho-que-permite-registro-de-ponto-virtual","status":"publish","type":"post","link":"https:\/\/www.sincomam.org.br\/index.php\/partido-contesta-norma-do-ministerio-do-trabalho-que-permite-registro-de-ponto-virtual\/","title":{"rendered":"Partido contesta norma do Minist\u00e9rio do Trabalho que permite registro de ponto virtual"},"content":{"rendered":"<p>O Partido Democr\u00e1tico Trabalhista (PDT) ajuizou, no Supremo Tribunal Federal (STF), Argui\u00e7\u00e3o de Descumprimento de Preceito Fundamental (ADPF 911) contra a portaria do Minist\u00e9rio do Trabalho e Previd\u00eancia que altera o sistema de registro de ponto eletr\u00f4nico dos trabalhadores para empresas com mais de 20 funcion\u00e1rios. A a\u00e7\u00e3o foi distribu\u00edda ao ministro Lu\u00eds Roberto Barroso, que solicitou informa\u00e7\u00f5es ao ministro do Trabalho, no prazo de 10 dias.<\/p>\n<p>A Portaria 671\/2021, que altera a Portaria 1.510\/2009, permite a utiliza\u00e7\u00e3o de tr\u00eas sistemas de registro eletr\u00f4nico de ponto: o registrador convencional, um sistema de registro alternativo e um via programa (software).<\/p>\n<p>Segundo o PDT, a medida possibilita a substitui\u00e7\u00e3o dos equipamentos instalados nos locais de trabalho por um programa de computador (software) capaz de armazenar os dados sobre o expediente dos trabalhadores nas chamadas &#8220;nuvens&#8221; ou bancos de dados virtuais. Essa nova modalidade torna mais dif\u00edcil a fiscaliza\u00e7\u00e3o do cumprimento da legisla\u00e7\u00e3o trabalhista pelos auditores-fiscais do trabalho, que, pelo sistema convencional, t\u00eam acesso imediato aos dados armazenados nos rel\u00f3gios de ponto.<\/p>\n<p>Outro argumento \u00e9 de que a mudan\u00e7a vulnera a seguran\u00e7a das rela\u00e7\u00f5es de trabalho, sobretudo quanto \u00e0 estabilidade dos registros de ponto eletr\u00f4nico para pagamento de direitos como horas extras, por exemplo. O partido sustenta que os registros s\u00e3o meio de prova na Justi\u00e7a do Trabalho e que o armazenamento virtual dos dados \u00e9 &#8220;de f\u00e1cil manipula\u00e7\u00e3o pelos empregadores&#8221;.<\/p>\n<p>&nbsp;<\/p>\n<p>Fonte: Ag\u00eancia Brasil<\/p>\n","protected":false},"excerpt":{"rendered":"<p>O Partido Democr\u00e1tico Trabalhista (PDT) ajuizou, no Supremo Tribunal Federal (STF), Argui\u00e7\u00e3o de Descumprimento de Preceito Fundamental (ADPF 911) contra a portaria do Minist\u00e9rio do&#8230;<\/p>\n","protected":false},"author":1527,"featured_media":33405,"comment_status":"closed","ping_status":"closed","sticky":false,"template":"","format":"standard","meta":{"footnotes":""},"categories":[6],"tags":[],"class_list":["post-36692","post","type-post","status-publish","format-standard","has-post-thumbnail","hentry","category-noticias"],"_links":{"self":[{"href":"https:\/\/www.sincomam.org.br\/index.php\/wp-json\/wp\/v2\/posts\/36692","targetHints":{"allow":["GET"]}}],"collection":[{"href":"https:\/\/www.sincomam.org.br\/index.php\/wp-json\/wp\/v2\/posts"}],"about":[{"href":"https:\/\/www.sincomam.org.br\/index.php\/wp-json\/wp\/v2\/types\/post"}],"author":[{"embeddable":true,"href":"https:\/\/www.sincomam.org.br\/index.php\/wp-json\/wp\/v2\/users\/1527"}],"replies":[{"embeddable":true,"href":"https:\/\/www.sincomam.org.br\/index.php\/wp-json\/wp\/v2\/comments?post=36692"}],"version-history":[{"count":1,"href":"https:\/\/www.sincomam.org.br\/index.php\/wp-json\/wp\/v2\/posts\/36692\/revisions"}],"predecessor-version":[{"id":36693,"href":"https:\/\/www.sincomam.org.br\/index.php\/wp-json\/wp\/v2\/posts\/36692\/revisions\/36693"}],"wp:featuredmedia":[{"embeddable":true,"href":"https:\/\/www.sincomam.org.br\/index.php\/wp-json\/wp\/v2\/media\/33405"}],"wp:attachment":[{"href":"https:\/\/www.sincomam.org.br\/index.php\/wp-json\/wp\/v2\/media?parent=36692"}],"wp:term":[{"taxonomy":"category","embeddable":true,"href":"https:\/\/www.sincomam.org.br\/index.php\/wp-json\/wp\/v2\/categories?post=36692"},{"taxonomy":"post_tag","embeddable":true,"href":"https:\/\/www.sincomam.org.br\/index.php\/wp-json\/wp\/v2\/tags?post=36692"}],"curies":[{"name":"wp","href":"https:\/\/api.w.org\/{rel}","templated":true}]}}