{"id":36651,"date":"2021-11-30T09:25:28","date_gmt":"2021-11-30T12:25:28","guid":{"rendered":"http:\/\/www.sincomam.org.br\/?p=36651"},"modified":"2021-11-30T09:25:28","modified_gmt":"2021-11-30T12:25:28","slug":"energia-consumidores-beneficiarios-da-tarifa-social-terao-bandeira-tarifaria-verde-em-dezembro","status":"publish","type":"post","link":"https:\/\/www.sincomam.org.br\/index.php\/energia-consumidores-beneficiarios-da-tarifa-social-terao-bandeira-tarifaria-verde-em-dezembro\/","title":{"rendered":"Energia: consumidores benefici\u00e1rios da tarifa social ter\u00e3o bandeira tarif\u00e1ria verde em dezembro"},"content":{"rendered":"<p>A Ag\u00eancia Nacional de Energia El\u00e9trica (Aneel) anunciou na sexta-feira (26) a bandeira tarif\u00e1ria verde no m\u00eas de dezembro para os consumidores que recebem o benef\u00edcio da Tarifa Social de Energia El\u00e9trica. Com essa bandeira, que indica condi\u00e7\u00f5es favor\u00e1veis de gera\u00e7\u00e3o de energia, n\u00e3o h\u00e1 acr\u00e9scimos na tarifa.<\/p>\n<p>Neste momento, a bandeira verde vale apenas para os consumidores com Tarifa Social. Para os demais consumidores de energia el\u00e9trica \u2013 excetuando-se os moradores de \u00e1reas n\u00e3o conectadas ao Sistema Interligado Nacional (como os de Roraima e de \u00e1reas remotas), que n\u00e3o pagam bandeira tarif\u00e1ria \u2013, a bandeira vigente no per\u00edodo ser\u00e1 a de Escassez H\u00eddrica, no valor de R$ 14,20 a cada 100 kWh consumidos.<\/p>\n<p>Institu\u00edda pela C\u00e2mara de Regras Excepcionais para Gest\u00e3o Hidroenerg\u00e9tica (CREG), criada por meio da Medida Provis\u00f3ria n\u00ba 1.055\/2021, a bandeira Escassez H\u00eddrica visa a fortalecer o enfrentamento do per\u00edodo de escassez de recursos h\u00eddricos, o pior em 91 anos. A bandeira Escassez H\u00eddrica seguir\u00e1 em vigor at\u00e9 abril de 2022.<\/p>\n<p><strong>Bandeira tarif\u00e1ria tamb\u00e9m tem desconto com a Tarifa Social<br \/>\n<\/strong>Os adicionais de bandeiras tarif\u00e1rias na conta de luz dos consumidores que possuem direito \u00e0 Tarifa Social de Energia El\u00e9trica seguem os mesmos percentuais de descontos que s\u00e3o estabelecidos por faixa de consumo. Isso significa que as fam\u00edlias de baixa renda, inscritas no programa de Tarifa Social, pagam as bandeiras com os mesmos descontos que j\u00e1 possuem nas tarifas, de 10% a 65%, dependendo da faixa de consumo.<\/p>\n<p><strong>Saiba mais sobre:<br \/>\n<\/strong><a href=\"https:\/\/www.youtube.com\/watch?v=js3jxyvz2ZI\">Tarifa Social\u00a0<\/a><br \/>\n<a href=\"https:\/\/www.youtube.com\/watch?v=w1rS7_tGSvM\">Bandeiras Tarif\u00e1rias\u00a0<\/a><br \/>\n<a href=\"https:\/\/www.youtube.com\/watch?v=w1rS7_tGSvM\">Bandeira Tarif\u00e1ria Escassez H\u00eddrica<\/a><br \/>\n<a href=\"https:\/\/www.youtube.com\/playlist?list=PL83dxI5zonT6S42SA1hWv6Px1_I9qLSFc\">Consumo consciente de energia el\u00e9trica<\/a><\/p>\n<p>Fonte: Aneel<\/p>\n","protected":false},"excerpt":{"rendered":"<p>A Ag\u00eancia Nacional de Energia El\u00e9trica (Aneel) anunciou na sexta-feira (26) a bandeira tarif\u00e1ria verde no m\u00eas de dezembro para os consumidores que recebem o&#8230;<\/p>\n","protected":false},"author":1527,"featured_media":17940,"comment_status":"closed","ping_status":"closed","sticky":false,"template":"","format":"standard","meta":{"footnotes":""},"categories":[6],"tags":[],"class_list":["post-36651","post","type-post","status-publish","format-standard","has-post-thumbnail","hentry","category-noticias"],"_links":{"self":[{"href":"https:\/\/www.sincomam.org.br\/index.php\/wp-json\/wp\/v2\/posts\/36651","targetHints":{"allow":["GET"]}}],"collection":[{"href":"https:\/\/www.sincomam.org.br\/index.php\/wp-json\/wp\/v2\/posts"}],"about":[{"href":"https:\/\/www.sincomam.org.br\/index.php\/wp-json\/wp\/v2\/types\/post"}],"author":[{"embeddable":true,"href":"https:\/\/www.sincomam.org.br\/index.php\/wp-json\/wp\/v2\/users\/1527"}],"replies":[{"embeddable":true,"href":"https:\/\/www.sincomam.org.br\/index.php\/wp-json\/wp\/v2\/comments?post=36651"}],"version-history":[{"count":1,"href":"https:\/\/www.sincomam.org.br\/index.php\/wp-json\/wp\/v2\/posts\/36651\/revisions"}],"predecessor-version":[{"id":36652,"href":"https:\/\/www.sincomam.org.br\/index.php\/wp-json\/wp\/v2\/posts\/36651\/revisions\/36652"}],"wp:featuredmedia":[{"embeddable":true,"href":"https:\/\/www.sincomam.org.br\/index.php\/wp-json\/wp\/v2\/media\/17940"}],"wp:attachment":[{"href":"https:\/\/www.sincomam.org.br\/index.php\/wp-json\/wp\/v2\/media?parent=36651"}],"wp:term":[{"taxonomy":"category","embeddable":true,"href":"https:\/\/www.sincomam.org.br\/index.php\/wp-json\/wp\/v2\/categories?post=36651"},{"taxonomy":"post_tag","embeddable":true,"href":"https:\/\/www.sincomam.org.br\/index.php\/wp-json\/wp\/v2\/tags?post=36651"}],"curies":[{"name":"wp","href":"https:\/\/api.w.org\/{rel}","templated":true}]}}