{"id":36637,"date":"2021-11-29T09:27:54","date_gmt":"2021-11-29T12:27:54","guid":{"rendered":"http:\/\/www.sincomam.org.br\/?p=36637"},"modified":"2021-11-29T09:28:56","modified_gmt":"2021-11-29T12:28:56","slug":"anvisa-publica-nota-tecnica-com-novos-paises-na-lista-de-recomendacoes-de-medidas-restritivas-em-decorrencia-da-nova-variante-omicron","status":"publish","type":"post","link":"https:\/\/www.sincomam.org.br\/index.php\/anvisa-publica-nota-tecnica-com-novos-paises-na-lista-de-recomendacoes-de-medidas-restritivas-em-decorrencia-da-nova-variante-omicron\/","title":{"rendered":"Anvisa publica nota t\u00e9cnica com novos pa\u00edses na lista de recomenda\u00e7\u00f5es de medidas restritivas em decorr\u00eancia da nova variante \u00d4micron"},"content":{"rendered":"<p>A Ag\u00eancia Nacional de Vigil\u00e2ncia Sanit\u00e1ria (Anvisa) d\u00e1 publicidade \u00e0 Nota T\u00e9cnica Complementar 204\/2021 elaborada pela Ag\u00eancia, que amplia a recomenda\u00e7\u00e3o ao governo brasileiro referente \u00e0 entrada de viajantes no pa\u00eds e restri\u00e7\u00f5es de voos, especificamente em decorr\u00eancia da identifica\u00e7\u00e3o da nova variante do Sars-CoV-2, identificada como B.1.1.529 e nomeada pela Organiza\u00e7\u00e3o Mundial da Sa\u00fade (OMS) como \u00d4micron.<\/p>\n<p>A nota complementar amplia a lista de pa\u00edses com medidas restritivas de car\u00e1ter tempor\u00e1rio e passa a incluir tamb\u00e9m os voos e viajantes procedentes de Angola, Malawi, Mo\u00e7ambique e Z\u00e2mbia na lista de recomenda\u00e7\u00f5es de restri\u00e7\u00e3o. De acordo com a Lei 13.979\/2020, compete \u00e0 Anvisa emitir manifesta\u00e7\u00e3o t\u00e9cnica fundamentada de assessoramento \u00e0s decis\u00f5es interministeriais sobre eventuais restri\u00e7\u00f5es para ingresso no territ\u00f3rio brasileiro.<\/p>\n<p>A ado\u00e7\u00e3o das medidas, contudo, depende de portaria interministerial editada conjuntamente pela Casa Civil, pelo Minist\u00e9rio da Sa\u00fade, pelo Minist\u00e9rio da Infraestrutura e pelo Minist\u00e9rio da Justi\u00e7a e Seguran\u00e7a P\u00fablica.<\/p>\n<p>Em nota anterior, publicada na sexta-feira (26), a Ag\u00eancia j\u00e1 havia recomendado medidas restritivas para os voos e viajantes procedentes da \u00c1frica do Sul, Botsuana, Eswatini, Lesoto, Nam\u00edbia e Zimb\u00e1bue, em decorr\u00eancia da nova variante do Sars-CoV-2.<\/p>\n<p>Fonte: Anvisa<\/p>\n","protected":false},"excerpt":{"rendered":"<p>A Ag\u00eancia Nacional de Vigil\u00e2ncia Sanit\u00e1ria (Anvisa) d\u00e1 publicidade \u00e0 Nota T\u00e9cnica Complementar 204\/2021 elaborada pela Ag\u00eancia, que amplia a recomenda\u00e7\u00e3o ao governo brasileiro referente&#8230;<\/p>\n","protected":false},"author":1527,"featured_media":33383,"comment_status":"closed","ping_status":"closed","sticky":false,"template":"","format":"standard","meta":{"footnotes":""},"categories":[6],"tags":[],"class_list":["post-36637","post","type-post","status-publish","format-standard","has-post-thumbnail","hentry","category-noticias"],"_links":{"self":[{"href":"https:\/\/www.sincomam.org.br\/index.php\/wp-json\/wp\/v2\/posts\/36637","targetHints":{"allow":["GET"]}}],"collection":[{"href":"https:\/\/www.sincomam.org.br\/index.php\/wp-json\/wp\/v2\/posts"}],"about":[{"href":"https:\/\/www.sincomam.org.br\/index.php\/wp-json\/wp\/v2\/types\/post"}],"author":[{"embeddable":true,"href":"https:\/\/www.sincomam.org.br\/index.php\/wp-json\/wp\/v2\/users\/1527"}],"replies":[{"embeddable":true,"href":"https:\/\/www.sincomam.org.br\/index.php\/wp-json\/wp\/v2\/comments?post=36637"}],"version-history":[{"count":2,"href":"https:\/\/www.sincomam.org.br\/index.php\/wp-json\/wp\/v2\/posts\/36637\/revisions"}],"predecessor-version":[{"id":36639,"href":"https:\/\/www.sincomam.org.br\/index.php\/wp-json\/wp\/v2\/posts\/36637\/revisions\/36639"}],"wp:featuredmedia":[{"embeddable":true,"href":"https:\/\/www.sincomam.org.br\/index.php\/wp-json\/wp\/v2\/media\/33383"}],"wp:attachment":[{"href":"https:\/\/www.sincomam.org.br\/index.php\/wp-json\/wp\/v2\/media?parent=36637"}],"wp:term":[{"taxonomy":"category","embeddable":true,"href":"https:\/\/www.sincomam.org.br\/index.php\/wp-json\/wp\/v2\/categories?post=36637"},{"taxonomy":"post_tag","embeddable":true,"href":"https:\/\/www.sincomam.org.br\/index.php\/wp-json\/wp\/v2\/tags?post=36637"}],"curies":[{"name":"wp","href":"https:\/\/api.w.org\/{rel}","templated":true}]}}