{"id":36633,"date":"2021-11-29T09:24:38","date_gmt":"2021-11-29T12:24:38","guid":{"rendered":"http:\/\/www.sincomam.org.br\/?p=36633"},"modified":"2021-11-29T09:24:38","modified_gmt":"2021-11-29T12:24:38","slug":"marinha-ativa-superintendencia-de-manutencao-de-submarinos-em-itaguai","status":"publish","type":"post","link":"https:\/\/www.sincomam.org.br\/index.php\/marinha-ativa-superintendencia-de-manutencao-de-submarinos-em-itaguai\/","title":{"rendered":"Marinha ativa Superintend\u00eancia de Manuten\u00e7\u00e3o de Submarinos, em Itagua\u00ed"},"content":{"rendered":"<p>Em cumprimento da decis\u00e3o da Alta Administra\u00e7\u00e3o Naval, foi ativada em 8 de novembro a Superintend\u00eancia de Manuten\u00e7\u00e3o de Submarinos S-BR (CMS-SUB), em Itagua\u00ed (RJ). Na ocasi\u00e3o, o Diretor do Centro de Manuten\u00e7\u00e3o de Sistemas da Marinha (CMS), Capit\u00e3o de Mar e Guerra (EN) Marcelo Alves Felzky, empossou o Capit\u00e3o de Fragata (EN) Rafael Barros Dutra na fun\u00e7\u00e3o de Superintendente, na presen\u00e7a dos Oficiais e Pra\u00e7as deste novo setor do CMS.<\/p>\n<p>A CMS-SUB tem como principal prop\u00f3sito contribuir para o aprestamento dos submarinos Classe \u201cRiachuelo\u201d (S-BR), por meio da realiza\u00e7\u00e3o de atividades t\u00e9cnicas industriais, tecnol\u00f3gicas e administrativas referentes \u00e0 manuten\u00e7\u00e3o do Sistema de Combate e do Sistema de Gerenciamento da Plataforma, incluindo os Sistemas Digitais Operativos, bem como a opera\u00e7\u00e3o e manuten\u00e7\u00e3o das oficinas e plataformas de refer\u00eancia.<\/p>\n<p>A Superintend\u00eancia tamb\u00e9m ser\u00e1 respons\u00e1vel por gerir e preservar os conhecimentos cr\u00edticos oriundos da transfer\u00eancia de tecnologia, por meio de a\u00e7\u00f5es alinhadas ao Programa de Desenvolvimento de Submarinos (PROSUB).<\/p>\n<p>Fonte: Centro de Comunica\u00e7\u00e3o Social da Marinha<\/p>\n","protected":false},"excerpt":{"rendered":"<p>Em cumprimento da decis\u00e3o da Alta Administra\u00e7\u00e3o Naval, foi ativada em 8 de novembro a Superintend\u00eancia de Manuten\u00e7\u00e3o de Submarinos S-BR (CMS-SUB), em Itagua\u00ed (RJ)&#8230;.<\/p>\n","protected":false},"author":1527,"featured_media":32974,"comment_status":"closed","ping_status":"closed","sticky":false,"template":"","format":"standard","meta":{"footnotes":""},"categories":[6],"tags":[],"class_list":["post-36633","post","type-post","status-publish","format-standard","has-post-thumbnail","hentry","category-noticias"],"_links":{"self":[{"href":"https:\/\/www.sincomam.org.br\/index.php\/wp-json\/wp\/v2\/posts\/36633","targetHints":{"allow":["GET"]}}],"collection":[{"href":"https:\/\/www.sincomam.org.br\/index.php\/wp-json\/wp\/v2\/posts"}],"about":[{"href":"https:\/\/www.sincomam.org.br\/index.php\/wp-json\/wp\/v2\/types\/post"}],"author":[{"embeddable":true,"href":"https:\/\/www.sincomam.org.br\/index.php\/wp-json\/wp\/v2\/users\/1527"}],"replies":[{"embeddable":true,"href":"https:\/\/www.sincomam.org.br\/index.php\/wp-json\/wp\/v2\/comments?post=36633"}],"version-history":[{"count":1,"href":"https:\/\/www.sincomam.org.br\/index.php\/wp-json\/wp\/v2\/posts\/36633\/revisions"}],"predecessor-version":[{"id":36634,"href":"https:\/\/www.sincomam.org.br\/index.php\/wp-json\/wp\/v2\/posts\/36633\/revisions\/36634"}],"wp:featuredmedia":[{"embeddable":true,"href":"https:\/\/www.sincomam.org.br\/index.php\/wp-json\/wp\/v2\/media\/32974"}],"wp:attachment":[{"href":"https:\/\/www.sincomam.org.br\/index.php\/wp-json\/wp\/v2\/media?parent=36633"}],"wp:term":[{"taxonomy":"category","embeddable":true,"href":"https:\/\/www.sincomam.org.br\/index.php\/wp-json\/wp\/v2\/categories?post=36633"},{"taxonomy":"post_tag","embeddable":true,"href":"https:\/\/www.sincomam.org.br\/index.php\/wp-json\/wp\/v2\/tags?post=36633"}],"curies":[{"name":"wp","href":"https:\/\/api.w.org\/{rel}","templated":true}]}}