{"id":36628,"date":"2021-11-26T10:19:00","date_gmt":"2021-11-26T13:19:00","guid":{"rendered":"http:\/\/www.sincomam.org.br\/?p=36628"},"modified":"2021-11-26T10:19:00","modified_gmt":"2021-11-26T13:19:00","slug":"em-nova-decisao-trf4-confirma-regularidade-da-dragagem-das-pedras-da-palangana","status":"publish","type":"post","link":"https:\/\/www.sincomam.org.br\/index.php\/em-nova-decisao-trf4-confirma-regularidade-da-dragagem-das-pedras-da-palangana\/","title":{"rendered":"Em nova decis\u00e3o, TRF4 confirma regularidade da dragagem das pedras da Palangana"},"content":{"rendered":"<p>O Tribunal Regional Federal da 4\u00aa Regi\u00e3o (TRF4) confirmou na quarta-feira (24) que a Portos do Paran\u00e1 pode continuar as obras de dragagem por derrocamento do complexo das Pedras Palanganas no canal de acesso ao Porto de Paranagu\u00e1. Os desembargadores votaram por unanimidade \u00e0 favor da empresa p\u00fablica em um recurso de Agravo de Instrumento. O ac\u00f3rd\u00e3o estar\u00e1 dispon\u00edvel para consulta p\u00fablica em breve.<\/p>\n<p>\u201cComo a turma julgadora decidiu dar provimento ao recurso da empresa p\u00fablica, mant\u00eam-se, assim, a execu\u00e7\u00e3o das obras que avan\u00e7am sem qualquer preju\u00edzo \u00e0 atividade econ\u00f4mica ou ao meio ambiente na regi\u00e3o\u201d, explicou o diretor jur\u00eddico da Portos do Paran\u00e1, Marcus Freitas, que acompanhou a sess\u00e3o remotamente. \u201cA decis\u00e3o de suspens\u00e3o da liminar comprova a tese apresentada pela empresa p\u00fablica, que a licen\u00e7a ambiental concedida pelo Ibama respeitou e cumpriu todos os ditames legais\u201d, avaliou.<\/p>\n<p>A obra foi licitada em 2020 e o contrato foi assinado em outubro daquele ano. Em novembro foi liberada a ordem de servi\u00e7o. Enquanto o projeto executivo para a obra avan\u00e7ava, por decis\u00e3o liminar do juiz substituto Fl\u00e1vio Ant\u00f4nio da Cruz, da 11\u00aa Vara Federal, foi deferida, em a\u00e7\u00e3o civil p\u00fablica movida pelo Minist\u00e9rio P\u00fablico Federal e Minist\u00e9rio P\u00fablico Estadual, a suspens\u00e3o da Licen\u00e7a Ambiental e da obra de dragagem por derrocamento no Porto de Paranagu\u00e1.<\/p>\n<p>No \u00faltimo m\u00eas de agosto, o TRF4 deferiu o pedido liminar da Diretoria Jur\u00eddica da Portos do Paran\u00e1 e suspendeu a decis\u00e3o liminar do juiz substituto da 11\u00aa Vara Federal. A obra foi iniciada, ent\u00e3o, no \u00faltimo dia 6 de setembro, e j\u00e1 est\u00e1 com mais de 50% conclu\u00edda.<\/p>\n<p>Fonte: Portos e Navios<\/p>\n","protected":false},"excerpt":{"rendered":"<p>O Tribunal Regional Federal da 4\u00aa Regi\u00e3o (TRF4) confirmou na quarta-feira (24) que a Portos do Paran\u00e1 pode continuar as obras de dragagem por derrocamento&#8230;<\/p>\n","protected":false},"author":1527,"featured_media":29132,"comment_status":"closed","ping_status":"closed","sticky":false,"template":"","format":"standard","meta":{"footnotes":""},"categories":[6],"tags":[],"class_list":["post-36628","post","type-post","status-publish","format-standard","has-post-thumbnail","hentry","category-noticias"],"_links":{"self":[{"href":"https:\/\/www.sincomam.org.br\/index.php\/wp-json\/wp\/v2\/posts\/36628","targetHints":{"allow":["GET"]}}],"collection":[{"href":"https:\/\/www.sincomam.org.br\/index.php\/wp-json\/wp\/v2\/posts"}],"about":[{"href":"https:\/\/www.sincomam.org.br\/index.php\/wp-json\/wp\/v2\/types\/post"}],"author":[{"embeddable":true,"href":"https:\/\/www.sincomam.org.br\/index.php\/wp-json\/wp\/v2\/users\/1527"}],"replies":[{"embeddable":true,"href":"https:\/\/www.sincomam.org.br\/index.php\/wp-json\/wp\/v2\/comments?post=36628"}],"version-history":[{"count":1,"href":"https:\/\/www.sincomam.org.br\/index.php\/wp-json\/wp\/v2\/posts\/36628\/revisions"}],"predecessor-version":[{"id":36629,"href":"https:\/\/www.sincomam.org.br\/index.php\/wp-json\/wp\/v2\/posts\/36628\/revisions\/36629"}],"wp:featuredmedia":[{"embeddable":true,"href":"https:\/\/www.sincomam.org.br\/index.php\/wp-json\/wp\/v2\/media\/29132"}],"wp:attachment":[{"href":"https:\/\/www.sincomam.org.br\/index.php\/wp-json\/wp\/v2\/media?parent=36628"}],"wp:term":[{"taxonomy":"category","embeddable":true,"href":"https:\/\/www.sincomam.org.br\/index.php\/wp-json\/wp\/v2\/categories?post=36628"},{"taxonomy":"post_tag","embeddable":true,"href":"https:\/\/www.sincomam.org.br\/index.php\/wp-json\/wp\/v2\/tags?post=36628"}],"curies":[{"name":"wp","href":"https:\/\/api.w.org\/{rel}","templated":true}]}}