{"id":36620,"date":"2021-11-26T09:39:47","date_gmt":"2021-11-26T12:39:47","guid":{"rendered":"http:\/\/www.sincomam.org.br\/?p=36620"},"modified":"2021-11-26T09:39:47","modified_gmt":"2021-11-26T12:39:47","slug":"comitiva-do-ministerio-publico-do-trabalho-visita-o-centro-integrado-de-seguranca-maritima","status":"publish","type":"post","link":"https:\/\/www.sincomam.org.br\/index.php\/comitiva-do-ministerio-publico-do-trabalho-visita-o-centro-integrado-de-seguranca-maritima\/","title":{"rendered":"Comitiva do Minist\u00e9rio P\u00fablico do Trabalho visita o Centro Integrado de Seguran\u00e7a Mar\u00edtima"},"content":{"rendered":"<p>O Centro Integrado de Seguran\u00e7a Mar\u00edtima (Cismar) recebeu, no dia 16 de novembro, a visita de uma comitiva do Minist\u00e9rio P\u00fablico do Trabalho. O evento tem como objetivo a aproxima\u00e7\u00e3o entre as institui\u00e7\u00f5es, sendo uma possibilidade de fortalecer parcerias, que atualmente est\u00e3o em andamento, al\u00e9m de identificar objetivos sin\u00e9rgicos no incremento de atua\u00e7\u00f5es integradas visando ao bem-estar e \u00e0 seguran\u00e7a da m\u00e3o de obra que tira do mar o seu sustento.<\/p>\n<p>O Comandante do Cismar, Capit\u00e3o de Mar e Guerra Jo\u00e3o Batista Barbosa, proferiu uma palestra sobre as atividades desenvolvidas pelo Centro em prol da Seguran\u00e7a Mar\u00edtima, apresentando os sistemas de monitoramento e tamb\u00e9m a atua\u00e7\u00e3o integrada junto \u00e0s ag\u00eancias governamentais nacionais e internacionais no combate \u00e0s \u201cnovas amea\u00e7as\u201d ao tr\u00e1fego mar\u00edtimo, al\u00e9m de ser um incremento na coopera\u00e7\u00e3o e sinergia entre as institui\u00e7\u00f5es.<\/p>\n<p>A comitiva faz parte da Coordenadoria Nacional de Trabalho Portu\u00e1rio e Aquavi\u00e1rio (Conatpa), do Minist\u00e9rio P\u00fablico do Trabalho, composta pelo Subprocurador-Geral do Trabalho Jeferson Luiz Pereira Coelho, Corregedor-Geral do MPT, da Procuradora do Trabalho Fl\u00e1via Oliveira Veiga Bauler, Coordenadora Nacional de Trabalho Portu\u00e1rio e Aquavi\u00e1rio e do Procurador do Trabalho Gustavo Chagas, Vice-Coordenador Nacional da Conatpa. Participaram do encontro o Comandante de Opera\u00e7\u00f5es Navais, Almirante de Esquadra Alipio Jorge Rodrigues da Silva, e o Subchefe de Opera\u00e7\u00f5es do Comando de Opera\u00e7\u00f5es Navais, Contra-Almirante Gustavo Calero Garriga Pires.<\/p>\n<p>Fonte: Centro de Comunica\u00e7\u00e3o Social da Marinha<\/p>\n","protected":false},"excerpt":{"rendered":"<p>O Centro Integrado de Seguran\u00e7a Mar\u00edtima (Cismar) recebeu, no dia 16 de novembro, a visita de uma comitiva do Minist\u00e9rio P\u00fablico do Trabalho. O evento&#8230;<\/p>\n","protected":false},"author":1527,"featured_media":10280,"comment_status":"closed","ping_status":"closed","sticky":false,"template":"","format":"standard","meta":{"footnotes":""},"categories":[6],"tags":[],"class_list":["post-36620","post","type-post","status-publish","format-standard","has-post-thumbnail","hentry","category-noticias"],"_links":{"self":[{"href":"https:\/\/www.sincomam.org.br\/index.php\/wp-json\/wp\/v2\/posts\/36620","targetHints":{"allow":["GET"]}}],"collection":[{"href":"https:\/\/www.sincomam.org.br\/index.php\/wp-json\/wp\/v2\/posts"}],"about":[{"href":"https:\/\/www.sincomam.org.br\/index.php\/wp-json\/wp\/v2\/types\/post"}],"author":[{"embeddable":true,"href":"https:\/\/www.sincomam.org.br\/index.php\/wp-json\/wp\/v2\/users\/1527"}],"replies":[{"embeddable":true,"href":"https:\/\/www.sincomam.org.br\/index.php\/wp-json\/wp\/v2\/comments?post=36620"}],"version-history":[{"count":1,"href":"https:\/\/www.sincomam.org.br\/index.php\/wp-json\/wp\/v2\/posts\/36620\/revisions"}],"predecessor-version":[{"id":36621,"href":"https:\/\/www.sincomam.org.br\/index.php\/wp-json\/wp\/v2\/posts\/36620\/revisions\/36621"}],"wp:featuredmedia":[{"embeddable":true,"href":"https:\/\/www.sincomam.org.br\/index.php\/wp-json\/wp\/v2\/media\/10280"}],"wp:attachment":[{"href":"https:\/\/www.sincomam.org.br\/index.php\/wp-json\/wp\/v2\/media?parent=36620"}],"wp:term":[{"taxonomy":"category","embeddable":true,"href":"https:\/\/www.sincomam.org.br\/index.php\/wp-json\/wp\/v2\/categories?post=36620"},{"taxonomy":"post_tag","embeddable":true,"href":"https:\/\/www.sincomam.org.br\/index.php\/wp-json\/wp\/v2\/tags?post=36620"}],"curies":[{"name":"wp","href":"https:\/\/api.w.org\/{rel}","templated":true}]}}