{"id":36618,"date":"2021-11-26T09:36:32","date_gmt":"2021-11-26T12:36:32","guid":{"rendered":"http:\/\/www.sincomam.org.br\/?p=36618"},"modified":"2021-11-26T09:36:32","modified_gmt":"2021-11-26T12:36:32","slug":"linha-de-transmissao-em-mg-inicia-operacao-para-escoar-energia-de-fontes-renovaveis-para-o-centro-sul","status":"publish","type":"post","link":"https:\/\/www.sincomam.org.br\/index.php\/linha-de-transmissao-em-mg-inicia-operacao-para-escoar-energia-de-fontes-renovaveis-para-o-centro-sul\/","title":{"rendered":"Linha de transmiss\u00e3o em MG inicia opera\u00e7\u00e3o para escoar energia de fontes renov\u00e1veis para o Centro-Sul"},"content":{"rendered":"<p>Entraram em opera\u00e7\u00e3o nesta quinta-feira (25) a linha de transmiss\u00e3o em 500 kV Presidente Juscelino\/Pirapora 2, circuito 2 e demais equipamentos associados nas subesta\u00e7\u00f5es Presidente Juscelino e Pirapora 2. Os empreendimentos agregam um aporte valioso ao repasse da energia el\u00e9trica gerada nas regi\u00f5es Norte e Nordeste para o restante do pa\u00eds. O empreendimento, sob concess\u00e3o da Mantiqueira Transmissora do grupo CYMI, foi licitado no Leil\u00e3o de Transmiss\u00e3o n\u00b0 5\/2015, promovido pela Ag\u00eancia Nacional de Energia El\u00e9trica (Aneel).<\/p>\n<p>O in\u00edcio da opera\u00e7\u00e3o comercial da linha de transmiss\u00e3o \u00e9 considerado especialmente oportuno neste per\u00edodo de escassez h\u00eddrica, uma vez que contribuir\u00e1 para o escoamento da energia proveniente da Usina Hidrel\u00e9trica de Belo Monte e das geradoras e\u00f3licas e solares fotovoltaicas localizadas no Nordeste. O incremento na transmiss\u00e3o, espera-se, colaborar\u00e1 para a recomposi\u00e7\u00e3o dos n\u00edveis de armazenamento dos reservat\u00f3rios das regi\u00f5es Sudeste, Centro-Oeste e Sul durante o per\u00edodo chuvoso, e tamb\u00e9m para o uso otimizado deste recurso durante os per\u00edodos secos, com reflexos para a diminui\u00e7\u00e3o da tarifa de energia el\u00e9trica dos consumidores.<\/p>\n<p>Segundo estimativas iniciais, em fase de valida\u00e7\u00e3o pelo Operador Nacional do Sistema \u2013 ONS, a linha de 177 quil\u00f4metros localizada no norte de Minas Gerais permite o incremento de 800 megawatts-m\u00e9dios (MWm) na transfer\u00eancia de energia \u2013 que supririam com sobra, por exemplo, a grande Florian\u00f3polis (demanda de 530 MWm). A linha Presidente Juscelino\/Pirapora 2, circuito 2 viabiliza a efetiva integra\u00e7\u00e3o da linha de transmiss\u00e3o 500 kV Presidente Juscelino\/Jana\u00faba circuitos 1 e 2 e demais equipamentos associados nas subesta\u00e7\u00f5es Presidente Juscelino e Jana\u00faba 3 \u00e0 opera\u00e7\u00e3o do Sistema interligado Nacional. A linha de transmiss\u00e3o 500 kV Presidente Juscelino\/Jana\u00faba 3 circuitos 1 e 2 pertence a concess\u00e3o da Equatorial Transmissora.<\/p>\n<p>Fonte: Aneel<\/p>\n","protected":false},"excerpt":{"rendered":"<p>Entraram em opera\u00e7\u00e3o nesta quinta-feira (25) a linha de transmiss\u00e3o em 500 kV Presidente Juscelino\/Pirapora 2, circuito 2 e demais equipamentos associados nas subesta\u00e7\u00f5es Presidente&#8230;<\/p>\n","protected":false},"author":1527,"featured_media":5319,"comment_status":"closed","ping_status":"closed","sticky":false,"template":"","format":"standard","meta":{"footnotes":""},"categories":[6],"tags":[],"class_list":["post-36618","post","type-post","status-publish","format-standard","has-post-thumbnail","hentry","category-noticias"],"_links":{"self":[{"href":"https:\/\/www.sincomam.org.br\/index.php\/wp-json\/wp\/v2\/posts\/36618","targetHints":{"allow":["GET"]}}],"collection":[{"href":"https:\/\/www.sincomam.org.br\/index.php\/wp-json\/wp\/v2\/posts"}],"about":[{"href":"https:\/\/www.sincomam.org.br\/index.php\/wp-json\/wp\/v2\/types\/post"}],"author":[{"embeddable":true,"href":"https:\/\/www.sincomam.org.br\/index.php\/wp-json\/wp\/v2\/users\/1527"}],"replies":[{"embeddable":true,"href":"https:\/\/www.sincomam.org.br\/index.php\/wp-json\/wp\/v2\/comments?post=36618"}],"version-history":[{"count":1,"href":"https:\/\/www.sincomam.org.br\/index.php\/wp-json\/wp\/v2\/posts\/36618\/revisions"}],"predecessor-version":[{"id":36619,"href":"https:\/\/www.sincomam.org.br\/index.php\/wp-json\/wp\/v2\/posts\/36618\/revisions\/36619"}],"wp:featuredmedia":[{"embeddable":true,"href":"https:\/\/www.sincomam.org.br\/index.php\/wp-json\/wp\/v2\/media\/5319"}],"wp:attachment":[{"href":"https:\/\/www.sincomam.org.br\/index.php\/wp-json\/wp\/v2\/media?parent=36618"}],"wp:term":[{"taxonomy":"category","embeddable":true,"href":"https:\/\/www.sincomam.org.br\/index.php\/wp-json\/wp\/v2\/categories?post=36618"},{"taxonomy":"post_tag","embeddable":true,"href":"https:\/\/www.sincomam.org.br\/index.php\/wp-json\/wp\/v2\/tags?post=36618"}],"curies":[{"name":"wp","href":"https:\/\/api.w.org\/{rel}","templated":true}]}}