{"id":3661,"date":"2014-02-14T11:50:24","date_gmt":"2014-02-14T13:50:24","guid":{"rendered":"http:\/\/www.sincomam.org.br\/?p=3661"},"modified":"2014-02-14T11:52:53","modified_gmt":"2014-02-14T13:52:53","slug":"horario-de-verao-acaba-neste-sabado-a-meia-noite","status":"publish","type":"post","link":"https:\/\/www.sincomam.org.br\/index.php\/horario-de-verao-acaba-neste-sabado-a-meia-noite\/","title":{"rendered":"Hor\u00e1rio de ver\u00e3o acaba neste s\u00e1bado \u00e0 meia-noite"},"content":{"rendered":"<p><em><strong>Rel\u00f3gios devem ser atrasados em uma hora\u00a0nas regi\u00f5es Sul, Sudeste e Centro-Oeste<\/strong><\/em><\/p>\n<p>A partir da meia-noite deste s\u00e1bado (15) para domingo (16) termina o hor\u00e1rio de ver\u00e3o.\u00a0Os rel\u00f3gios devem ser atrasados em uma hora nos estados das regi\u00f5es Sul, Sudeste e Centro-Oeste.\u00a0O objetivo do hor\u00e1rio de ver\u00e3o \u00e9 reduzir o consumo de energia, aproveitando a luz natural, sobretudo entre 18 e 21 horas.\u00a0<\/p>\n<p>A medida come\u00e7ou a valer no dia 20 de outubro do ano passado.\u00a0O governo ainda n\u00e3o divulgou os impactos da medida para o pa\u00eds. A expectativa do Minist\u00e9rio de Minas e Energia era que a redu\u00e7\u00e3o da demanda nos hor\u00e1rios de pico, com a ado\u00e7\u00e3o do hor\u00e1rio de ver\u00e3o no per\u00edodo 2013-2014, ficasse entre 4,5% e 5%, com redu\u00e7\u00e3o de consumo geral do sistema de 0,5% em m\u00e9dia.<strong><br \/><\/strong><\/p>\n<p>Os Estados que adotaram o Hor\u00e1rio de Ver\u00e3o foram Minas Gerias, Rio Grande do Sul, Santa Catarina, Paran\u00e1, S\u00e3o Paulo, Rio de Janeiro, Esp\u00edrito Santo, Goi\u00e1s, Mato Grosso, Mato Grosso do Sul e Distrito Federal.<\/p>\n<p><strong>Apag\u00e3o<\/strong><\/p>\n<p>H\u00e1 11 dias, um apag\u00e3o deixou mais de um milh\u00e3o de pessoas sem energia em 11 Estados do Brasil. Em Minas Gerais, aproximadamente, 230 mil consumidores, inclusive cerca de 7 mil em Uberaba, ficaram sem energia el\u00e9trica.\u00a0No \u00faltimo dia 5, de acordo com o Operador Nacional do Sistema (ONS), foram detectados dois curtos-circuitos \u2013 quase simult\u00e2neos \u2013 no sistema de transmiss\u00e3o entre Miracema (TO) e a usina de Serra da Mesa (GO), em duas das tr\u00eas linhas de transmiss\u00e3o que atravessam a regi\u00e3o.<\/p>\n<p>Da Reda\u00e7\u00e3o<\/p>\n","protected":false},"excerpt":{"rendered":"<p>Rel\u00f3gios devem ser atrasados em uma hora\u00a0nas regi\u00f5es Sul, Sudeste e Centro-Oeste A partir da meia-noite deste s\u00e1bado (15) para domingo (16) termina o hor\u00e1rio&#8230;<\/p>\n","protected":false},"author":1182,"featured_media":3665,"comment_status":"closed","ping_status":"closed","sticky":false,"template":"","format":"standard","meta":{"footnotes":""},"categories":[6],"tags":[470,471,472],"class_list":["post-3661","post","type-post","status-publish","format-standard","has-post-thumbnail","hentry","category-noticias","tag-apagao","tag-horario-de-verao","tag-termino"],"_links":{"self":[{"href":"https:\/\/www.sincomam.org.br\/index.php\/wp-json\/wp\/v2\/posts\/3661","targetHints":{"allow":["GET"]}}],"collection":[{"href":"https:\/\/www.sincomam.org.br\/index.php\/wp-json\/wp\/v2\/posts"}],"about":[{"href":"https:\/\/www.sincomam.org.br\/index.php\/wp-json\/wp\/v2\/types\/post"}],"author":[{"embeddable":true,"href":"https:\/\/www.sincomam.org.br\/index.php\/wp-json\/wp\/v2\/users\/1182"}],"replies":[{"embeddable":true,"href":"https:\/\/www.sincomam.org.br\/index.php\/wp-json\/wp\/v2\/comments?post=3661"}],"version-history":[{"count":2,"href":"https:\/\/www.sincomam.org.br\/index.php\/wp-json\/wp\/v2\/posts\/3661\/revisions"}],"predecessor-version":[{"id":3664,"href":"https:\/\/www.sincomam.org.br\/index.php\/wp-json\/wp\/v2\/posts\/3661\/revisions\/3664"}],"wp:featuredmedia":[{"embeddable":true,"href":"https:\/\/www.sincomam.org.br\/index.php\/wp-json\/wp\/v2\/media\/3665"}],"wp:attachment":[{"href":"https:\/\/www.sincomam.org.br\/index.php\/wp-json\/wp\/v2\/media?parent=3661"}],"wp:term":[{"taxonomy":"category","embeddable":true,"href":"https:\/\/www.sincomam.org.br\/index.php\/wp-json\/wp\/v2\/categories?post=3661"},{"taxonomy":"post_tag","embeddable":true,"href":"https:\/\/www.sincomam.org.br\/index.php\/wp-json\/wp\/v2\/tags?post=3661"}],"curies":[{"name":"wp","href":"https:\/\/api.w.org\/{rel}","templated":true}]}}