{"id":36605,"date":"2021-11-25T08:05:55","date_gmt":"2021-11-25T11:05:55","guid":{"rendered":"http:\/\/www.sincomam.org.br\/?p=36605"},"modified":"2021-11-25T08:05:55","modified_gmt":"2021-11-25T11:05:55","slug":"aprovada-a-recomposicao-do-cvu-para-utes-cuiaba-e-uruguaiana","status":"publish","type":"post","link":"https:\/\/www.sincomam.org.br\/index.php\/aprovada-a-recomposicao-do-cvu-para-utes-cuiaba-e-uruguaiana\/","title":{"rendered":"Aprovada a recomposi\u00e7\u00e3o do CVU para UTEs Cuiab\u00e1 e Uruguaiana"},"content":{"rendered":"<p>A diretoria da\u00a0 Ag\u00eancia Nacional de Energia El\u00e9trica (Aneel) aprovou na ter\u00e7a-feira (23), a recomposi\u00e7\u00e3o tempor\u00e1ria do Custo Vari\u00e1vel Unit\u00e1rio (CVU) das usinas termel\u00e9tricas (UTEs) Uruguaiana e Cuiab\u00e1 , movidas a g\u00e1s natural. A decis\u00e3o, devido ao cen\u00e1rio de escassez h\u00eddrica, acolheu parcialmente os pedidos das empresas propriet\u00e1rias &#8211; \u00c2mbar Uruguaiana Energia Ltda e \u00c2mbar Energia, respectivamente.<\/p>\n<p>A portaria do Minist\u00e9rio de Minas e Energia (MME) n\u00ba 5,\u00a0 de abril deste ano, autoriza, at\u00e9 30 de abril de 2022,\u00a0 a inclus\u00e3o excepcional e tempor\u00e1ria de custos fixos ao Custo Vari\u00e1vel Unit\u00e1rio (CVU) de usinas termel\u00e9tricas. Em maio passado, o Comit\u00ea de Monitoramento do Setor El\u00e9trico (CMSE) demandou que todos os recursos de gera\u00e7\u00e3o termel\u00e9trica sejam despachados fora da ordem de m\u00e9rito pelo Operador Nacional do Sistema El\u00e9trico (ONS).<\/p>\n<p>A homologa\u00e7\u00e3o da Aneel acarreta a correspondente aloca\u00e7\u00e3o de custos \u00e0s geradoras, \u00e9 decorrente\u00a0 por determina\u00e7\u00e3o da C\u00e2mara de Regras Excepcionais para Gest\u00e3o Hidroenerg\u00e9tica (CREG).<\/p>\n<p>Para a UTE Uruguaiana, a Aneel homologou o valor do CVU de R$ 2,518,44\/MWh, com a inclus\u00e3o dos custos fixos. Tamb\u00e9m determinou em\u00a0 777.600 MWh o montante de gera\u00e7\u00e3o necess\u00e1rio \u00e0 recupera\u00e7\u00e3o dos custos fixos ao Operador Nacional do Sistema El\u00e9trico (ONS) para fins de planejamento e programa\u00e7\u00e3o da opera\u00e7\u00e3o eletroenerg\u00e9tica do Sistema Interligado Nacional (SIN).<\/p>\n<p>No caso da UTE Cuiab\u00e1, a Ag\u00eancia determinou a aplica\u00e7\u00e3o dos valores de CVU, com a inclus\u00e3o de custos fixos de R$ 2.470,07\/ MWh. Tamb\u00e9m estabeleceu o montante de 357.120 MWh para a recupera\u00e7\u00e3o dos custos fixos ao ONS.<\/p>\n<p>Fonte: Aneel<\/p>\n<p>&nbsp;<\/p>\n","protected":false},"excerpt":{"rendered":"<p>A diretoria da\u00a0 Ag\u00eancia Nacional de Energia El\u00e9trica (Aneel) aprovou na ter\u00e7a-feira (23), a recomposi\u00e7\u00e3o tempor\u00e1ria do Custo Vari\u00e1vel Unit\u00e1rio (CVU) das usinas termel\u00e9tricas (UTEs)&#8230;<\/p>\n","protected":false},"author":1527,"featured_media":32749,"comment_status":"closed","ping_status":"closed","sticky":false,"template":"","format":"standard","meta":{"footnotes":""},"categories":[6],"tags":[],"class_list":["post-36605","post","type-post","status-publish","format-standard","has-post-thumbnail","hentry","category-noticias"],"_links":{"self":[{"href":"https:\/\/www.sincomam.org.br\/index.php\/wp-json\/wp\/v2\/posts\/36605","targetHints":{"allow":["GET"]}}],"collection":[{"href":"https:\/\/www.sincomam.org.br\/index.php\/wp-json\/wp\/v2\/posts"}],"about":[{"href":"https:\/\/www.sincomam.org.br\/index.php\/wp-json\/wp\/v2\/types\/post"}],"author":[{"embeddable":true,"href":"https:\/\/www.sincomam.org.br\/index.php\/wp-json\/wp\/v2\/users\/1527"}],"replies":[{"embeddable":true,"href":"https:\/\/www.sincomam.org.br\/index.php\/wp-json\/wp\/v2\/comments?post=36605"}],"version-history":[{"count":1,"href":"https:\/\/www.sincomam.org.br\/index.php\/wp-json\/wp\/v2\/posts\/36605\/revisions"}],"predecessor-version":[{"id":36606,"href":"https:\/\/www.sincomam.org.br\/index.php\/wp-json\/wp\/v2\/posts\/36605\/revisions\/36606"}],"wp:featuredmedia":[{"embeddable":true,"href":"https:\/\/www.sincomam.org.br\/index.php\/wp-json\/wp\/v2\/media\/32749"}],"wp:attachment":[{"href":"https:\/\/www.sincomam.org.br\/index.php\/wp-json\/wp\/v2\/media?parent=36605"}],"wp:term":[{"taxonomy":"category","embeddable":true,"href":"https:\/\/www.sincomam.org.br\/index.php\/wp-json\/wp\/v2\/categories?post=36605"},{"taxonomy":"post_tag","embeddable":true,"href":"https:\/\/www.sincomam.org.br\/index.php\/wp-json\/wp\/v2\/tags?post=36605"}],"curies":[{"name":"wp","href":"https:\/\/api.w.org\/{rel}","templated":true}]}}