{"id":36594,"date":"2021-11-24T08:13:52","date_gmt":"2021-11-24T11:13:52","guid":{"rendered":"http:\/\/www.sincomam.org.br\/?p=36594"},"modified":"2021-11-23T23:14:23","modified_gmt":"2021-11-24T02:14:23","slug":"porto-do-recife-inicia-projeto-de-extensao-tecnologica-em-parceria-com-a-ufpe-e-facepe","status":"publish","type":"post","link":"https:\/\/www.sincomam.org.br\/index.php\/porto-do-recife-inicia-projeto-de-extensao-tecnologica-em-parceria-com-a-ufpe-e-facepe\/","title":{"rendered":"Porto do Recife inicia projeto de extens\u00e3o tecnol\u00f3gica em parceria com a UFPE e Facepe"},"content":{"rendered":"<p>O Porto do Recife recebeu na segunda-feira (22) alunos do curso de Engenharia Naval da Universidade Federal de Pernambuco (UFPE) para dar continua\u00e7\u00e3o ao Projeto de Extens\u00e3o Tecnol\u00f3gica (PET), programa ligado \u00e0 Funda\u00e7\u00e3o de Amparo \u00e0 Ci\u00eancia e Tecnologia de Pernambuco (Facepe). O intuito das visitas \u00e9 conhecer mais sobre o ancoradouro recifense e desenvolver, ao longo de quatros meses, um c\u00f3digo computacional para o c\u00e1lculo das for\u00e7as atuantes na amarra\u00e7\u00e3o de navios e defensas portu\u00e1rias.<\/p>\n<p>&#8220;O projeto desenvolvido pela turma vai calcular os esfor\u00e7os nas amarras, cabe\u00e7os e defensas. Com isso, \u00e9 poss\u00edvel avaliar o que o porto precisa e identificar, na infraestrutura portu\u00e1ria, quais s\u00e3o os poss\u00edveis problemas e melhorias necess\u00e1rias&#8221;, explicou M\u00f4nica Souza, assistente t\u00e9cnica da Coordenadoria de Gest\u00e3o Ambiental e de Seguran\u00e7a e Sa\u00fade no Trabalho.<\/p>\n<p>O grupo de estudantes, acompanhado dos professores da UFPE Cesar Augusto Salhua e Miguel Celis, se reuniu com a equipe de Opera\u00e7\u00f5es e Engenharia do ancoradouro. No encontro, os alunos fizeram uma visita t\u00e9cnica no cais e puderam tirar d\u00favidas sobre o funcionamento do porto, a log\u00edstica da atraca\u00e7\u00e3o das embarca\u00e7\u00f5es, al\u00e9m de entender melhor como funciona o tipo de defensas utilizadas nos cais; equipamentos feitos para impedir que os navios, barcos e outro tipo de embarca\u00e7\u00f5es navais colidem umas contra as outras ou contra as docas, cais e molhes.<\/p>\n<p>\u201cVamos elaborar o c\u00f3digo com os alunos de Engenharia Naval e Mec\u00e2nica para que a equipe de Engenharia e Opera\u00e7\u00f5es do ancoradouro possa projetar o que aconteceria nas defensas e nos cabe\u00e7os quando um navio chega. Com o c\u00f3digo \u00e9 poss\u00edvel calcular as for\u00e7as ambientais produzidas pela correnteza e pelo vento, por exemplo\u201d, explicou o professor Cesar Augusto Salhua.<\/p>\n<p>A atividade faz parte do Acordo de Coopera\u00e7\u00e3o T\u00e9cnica feito entre o Porto do Recife e a Secretaria estadual de Ci\u00eancia, Tecnologia &amp; Inova\u00e7\u00e3o (Secti), em abril deste ano, com objetivo de transformar o ancoradouro em um hub de inova\u00e7\u00e3o e ampliar o interc\u00e2mbio de conhecimentos com a comunidade acad\u00eamica. Nos pr\u00f3ximos meses, o porto se transformar\u00e1 em um laborat\u00f3rio vivo para o desenvolvimento e experimenta\u00e7\u00e3o de novas solu\u00e7\u00f5es e realiza\u00e7\u00e3o de pesquisas cient\u00edficas.<\/p>\n<p>\u201cO projeto desenvolvido pelos alunos da UFPE \u00e9 uma excelente oportunidade de aproximar a academia do Porto do Recife. \u00c9 uma via de m\u00e3o dupla, enriquecendo o conhecimento dos alunos e transformando o ancoradouro em refer\u00eancia de inova\u00e7\u00e3o no setor portu\u00e1rio\u201d, comemorou o presidente do ancoradouro, Jos\u00e9 Lindoso.<\/p>\n<p>&#8220;O Programa de Extens\u00e3o Tecnol\u00f3gica (PET) \u00e9 decisivo na forma\u00e7\u00e3o de pessoas nas habilidades de futuro. E est\u00e1 inteiramente alinhado ao trabalho multidisciplinar e de vanguarda desenvolvido a partir do Acordo de Coopera\u00e7\u00e3o T\u00e9cnica entre a Secretaria de Ci\u00eancia, Tecnologia e Inova\u00e7\u00e3o e o Porto do Recife, que colocar\u00e1 o ancoradouro em posi\u00e7\u00e3o de refer\u00eancia nos setores log\u00edstico e portu\u00e1rio quando o assunto \u00e9 fomento \u00e0 inova\u00e7\u00e3o e a novas tecnologias que resultem em competitividade, intelig\u00eancia e melhor presta\u00e7\u00e3o dos servi\u00e7os\u201d, destacou o secret\u00e1rio estadual de Ci\u00eancia, Tecnologia &amp; Inova\u00e7\u00e3o, Lucas Ramos.<\/p>\n<p>Fonte: Portos e Navios<\/p>\n","protected":false},"excerpt":{"rendered":"<p>O Porto do Recife recebeu na segunda-feira (22) alunos do curso de Engenharia Naval da Universidade Federal de Pernambuco (UFPE) para dar continua\u00e7\u00e3o ao Projeto&#8230;<\/p>\n","protected":false},"author":1527,"featured_media":6769,"comment_status":"closed","ping_status":"closed","sticky":false,"template":"","format":"standard","meta":{"footnotes":""},"categories":[6],"tags":[],"class_list":["post-36594","post","type-post","status-publish","format-standard","has-post-thumbnail","hentry","category-noticias"],"_links":{"self":[{"href":"https:\/\/www.sincomam.org.br\/index.php\/wp-json\/wp\/v2\/posts\/36594","targetHints":{"allow":["GET"]}}],"collection":[{"href":"https:\/\/www.sincomam.org.br\/index.php\/wp-json\/wp\/v2\/posts"}],"about":[{"href":"https:\/\/www.sincomam.org.br\/index.php\/wp-json\/wp\/v2\/types\/post"}],"author":[{"embeddable":true,"href":"https:\/\/www.sincomam.org.br\/index.php\/wp-json\/wp\/v2\/users\/1527"}],"replies":[{"embeddable":true,"href":"https:\/\/www.sincomam.org.br\/index.php\/wp-json\/wp\/v2\/comments?post=36594"}],"version-history":[{"count":1,"href":"https:\/\/www.sincomam.org.br\/index.php\/wp-json\/wp\/v2\/posts\/36594\/revisions"}],"predecessor-version":[{"id":36595,"href":"https:\/\/www.sincomam.org.br\/index.php\/wp-json\/wp\/v2\/posts\/36594\/revisions\/36595"}],"wp:featuredmedia":[{"embeddable":true,"href":"https:\/\/www.sincomam.org.br\/index.php\/wp-json\/wp\/v2\/media\/6769"}],"wp:attachment":[{"href":"https:\/\/www.sincomam.org.br\/index.php\/wp-json\/wp\/v2\/media?parent=36594"}],"wp:term":[{"taxonomy":"category","embeddable":true,"href":"https:\/\/www.sincomam.org.br\/index.php\/wp-json\/wp\/v2\/categories?post=36594"},{"taxonomy":"post_tag","embeddable":true,"href":"https:\/\/www.sincomam.org.br\/index.php\/wp-json\/wp\/v2\/tags?post=36594"}],"curies":[{"name":"wp","href":"https:\/\/api.w.org\/{rel}","templated":true}]}}