{"id":36584,"date":"2021-11-24T08:03:04","date_gmt":"2021-11-24T11:03:04","guid":{"rendered":"http:\/\/www.sincomam.org.br\/?p=36584"},"modified":"2021-11-23T23:02:46","modified_gmt":"2021-11-24T02:02:46","slug":"aneel-aprova-norma-sobre-equilibrio-economico-das-distribuidoras-decorrente-da-pandemia","status":"publish","type":"post","link":"https:\/\/www.sincomam.org.br\/index.php\/aneel-aprova-norma-sobre-equilibrio-economico-das-distribuidoras-decorrente-da-pandemia\/","title":{"rendered":"Aneel aprova norma sobre equil\u00edbrio econ\u00f4mico das distribuidoras decorrente da pandemia"},"content":{"rendered":"<p>A Diretoria da Aneel aprovou, nesta ter\u00e7a-feira (23), o resultado da 3\u00aa fase da Consulta P\u00fablica n\u00ba 035\/2020 que discutiu a proposta de exposi\u00e7\u00e3o contratual e reequil\u00edbrio econ\u00f4mico das distribuidoras de energia el\u00e9trica em fun\u00e7\u00e3o da pandemia de Covid-19.<\/p>\n<p>Trata-se de emiss\u00e3o da Resolu\u00e7\u00e3o Normativa que aprova a metodologia de an\u00e1lise das solicita\u00e7\u00f5es de Revis\u00f5es Tarif\u00e1ria Extraordin\u00e1ria (RTE), a metodologia de c\u00e1lculo de sobrecontrata\u00e7\u00e3o involunt\u00e1ria*; e define os crit\u00e9rios de aloca\u00e7\u00e3o dos custos financeiros do empr\u00e9stimo da Conta-covid.<\/p>\n<p>Para as Revis\u00f5es Extraordin\u00e1rias foram deliberadas metodologias para o reequil\u00edbrio decorrente do aumento de receitas irrecuper\u00e1veis (perda de arrecada\u00e7\u00e3o) e da redu\u00e7\u00e3o de mercado (perda de faturamento).<\/p>\n<p>Em rela\u00e7\u00e3o a sobrecontrata\u00e7\u00e3o, a Diretoria decidiu por utilizar como refer\u00eancia a previs\u00e3o de carga realizada pelas distribuidoras para os anos de 2020 e 2021 nos Leil\u00f5es de Energia Existente A-1 e A-2 de 2019. Na hip\u00f3tese de inexist\u00eancia desta refer\u00eancia, considera-se a carga declarada para o ano 2020 e 2021 no estudo do SIMPLES\/EPE enviada em 2019.<\/p>\n<p>Na aloca\u00e7\u00e3o dos custos financeiros, os referentes a Parcela B s\u00e3o da distribuidora at\u00e9 a revers\u00e3o no processo tarif\u00e1rio e ap\u00f3s a revers\u00e3o, o custo financeiro \u00e9 do consumidor. Os custos financeiros referentes a Parcela A, ap\u00f3s a revers\u00e3o do processo tarif\u00e1rio, tamb\u00e9m ser\u00e3o dos consumidores, por\u00e9m entre o per\u00edodo do in\u00edcio do empr\u00e9stimo at\u00e9 a revers\u00e3o, alguns desses custos financeiros ser\u00e3o alocados \u00e0s distribuidoras, como os referentes ao empr\u00e9stimo maior que o necess\u00e1rio e do saldo n\u00e3o amortizado da CVA**.<\/p>\n<p>*Sobrecontrata\u00e7\u00e3o involunt\u00e1ria &#8211; Aquisi\u00e7\u00e3o de montantes de energia el\u00e9trica em quantidade superior \u00e0 constante da declara\u00e7\u00e3o de necessidade de compra apresentada pelos agentes de distribui\u00e7\u00e3o nos leil\u00f5es regulados de que tratam os arts. 11 e 19 do Decreto 5.163\/20.<br \/>\n** Conta de Compensa\u00e7\u00e3o de Varia\u00e7\u00e3o de Valores de Itens da Parcela A.<\/p>\n<p>Fonte: Aneel<\/p>\n","protected":false},"excerpt":{"rendered":"<p>A Diretoria da Aneel aprovou, nesta ter\u00e7a-feira (23), o resultado da 3\u00aa fase da Consulta P\u00fablica n\u00ba 035\/2020 que discutiu a proposta de exposi\u00e7\u00e3o contratual&#8230;<\/p>\n","protected":false},"author":1527,"featured_media":17940,"comment_status":"closed","ping_status":"closed","sticky":false,"template":"","format":"standard","meta":{"footnotes":""},"categories":[6],"tags":[],"class_list":["post-36584","post","type-post","status-publish","format-standard","has-post-thumbnail","hentry","category-noticias"],"_links":{"self":[{"href":"https:\/\/www.sincomam.org.br\/index.php\/wp-json\/wp\/v2\/posts\/36584","targetHints":{"allow":["GET"]}}],"collection":[{"href":"https:\/\/www.sincomam.org.br\/index.php\/wp-json\/wp\/v2\/posts"}],"about":[{"href":"https:\/\/www.sincomam.org.br\/index.php\/wp-json\/wp\/v2\/types\/post"}],"author":[{"embeddable":true,"href":"https:\/\/www.sincomam.org.br\/index.php\/wp-json\/wp\/v2\/users\/1527"}],"replies":[{"embeddable":true,"href":"https:\/\/www.sincomam.org.br\/index.php\/wp-json\/wp\/v2\/comments?post=36584"}],"version-history":[{"count":1,"href":"https:\/\/www.sincomam.org.br\/index.php\/wp-json\/wp\/v2\/posts\/36584\/revisions"}],"predecessor-version":[{"id":36585,"href":"https:\/\/www.sincomam.org.br\/index.php\/wp-json\/wp\/v2\/posts\/36584\/revisions\/36585"}],"wp:featuredmedia":[{"embeddable":true,"href":"https:\/\/www.sincomam.org.br\/index.php\/wp-json\/wp\/v2\/media\/17940"}],"wp:attachment":[{"href":"https:\/\/www.sincomam.org.br\/index.php\/wp-json\/wp\/v2\/media?parent=36584"}],"wp:term":[{"taxonomy":"category","embeddable":true,"href":"https:\/\/www.sincomam.org.br\/index.php\/wp-json\/wp\/v2\/categories?post=36584"},{"taxonomy":"post_tag","embeddable":true,"href":"https:\/\/www.sincomam.org.br\/index.php\/wp-json\/wp\/v2\/tags?post=36584"}],"curies":[{"name":"wp","href":"https:\/\/api.w.org\/{rel}","templated":true}]}}