{"id":36582,"date":"2021-11-24T08:00:11","date_gmt":"2021-11-24T11:00:11","guid":{"rendered":"http:\/\/www.sincomam.org.br\/?p=36582"},"modified":"2021-11-23T23:00:54","modified_gmt":"2021-11-24T02:00:54","slug":"antaq-e-antt-realizam-fiscalizacao-nas-areas-portuarias-do-transporte-rodoviario-de-cargas","status":"publish","type":"post","link":"https:\/\/www.sincomam.org.br\/index.php\/antaq-e-antt-realizam-fiscalizacao-nas-areas-portuarias-do-transporte-rodoviario-de-cargas\/","title":{"rendered":"Antaq e ANTT realizam fiscaliza\u00e7\u00e3o nas \u00e1reas portu\u00e1rias do transporte rodovi\u00e1rio de cargas"},"content":{"rendered":"<p>A Ag\u00eancia Nacional de Transportes Aquavi\u00e1rios (Antaq) e a Ag\u00eancia Nacional de Transportes Terrestres (ANTT) realizar\u00e3o at\u00e9 o dia 26 a Opera\u00e7\u00e3o Solarium. As a\u00e7\u00f5es fiscalizat\u00f3rias, que come\u00e7aram na segunda-feira (22), est\u00e3o acontecendo nos principais portos nacionais, sejam mar\u00edtimos ou fluviais. O principal objetivo da opera\u00e7\u00e3o, que conta com a participa\u00e7\u00e3o da Pol\u00edcia Rodovi\u00e1ria Federal (PRF), \u00e9 a verifica\u00e7\u00e3o do atendimento do piso m\u00ednimo do frete e das exig\u00eancias quanto ao transporte rodovi\u00e1rio de cargas.<\/p>\n<p>As equipes foram distribu\u00eddas em 20 instala\u00e7\u00f5es portu\u00e1rias, onde se concentra o fluxo de movimenta\u00e7\u00e3o de cargas. Al\u00e9m disso, os fiscais ir\u00e3o vistoriar 35 postos de pesagens que a ANTT administra, aumentando a abrang\u00eancia da opera\u00e7\u00e3o.<\/p>\n<p>As unidades regionais de Vit\u00f3ria, Rio de Janeiro, Salvador, Florian\u00f3polis e Manaus est\u00e3o representando a Antaq na fiscaliza\u00e7\u00e3o. \u201cEm Vit\u00f3ria, solicitamos os pr\u00e9stimos da Companhia Docas do Esp\u00edrito Santo para disponibilizar aos ficais da ANTT ponto de abordagem dos caminhoneiros coberto e com acesso a banheiros e bebedouro, sugerindo, a priori, que a abordagem ocorra, em harmonia com as atividades da guarda portu\u00e1ria, na regi\u00e3o dos gates instalados na Estrada de Capuaba. Nossos fiscais se fizeram presentes de forma a garantir o sucesso da opera\u00e7\u00e3o sem preju\u00edzo \u00e0 opera\u00e7\u00e3o portu\u00e1ria\u201d, explicou a chefe da Unidade Regional de Vit\u00f3ria, Daniela Quadros.<\/p>\n<p>Fonte: Antaq<\/p>\n","protected":false},"excerpt":{"rendered":"<p>A Ag\u00eancia Nacional de Transportes Aquavi\u00e1rios (Antaq) e a Ag\u00eancia Nacional de Transportes Terrestres (ANTT) realizar\u00e3o at\u00e9 o dia 26 a Opera\u00e7\u00e3o Solarium. As a\u00e7\u00f5es&#8230;<\/p>\n","protected":false},"author":1527,"featured_media":29303,"comment_status":"closed","ping_status":"closed","sticky":false,"template":"","format":"standard","meta":{"footnotes":""},"categories":[6],"tags":[],"class_list":["post-36582","post","type-post","status-publish","format-standard","has-post-thumbnail","hentry","category-noticias"],"_links":{"self":[{"href":"https:\/\/www.sincomam.org.br\/index.php\/wp-json\/wp\/v2\/posts\/36582","targetHints":{"allow":["GET"]}}],"collection":[{"href":"https:\/\/www.sincomam.org.br\/index.php\/wp-json\/wp\/v2\/posts"}],"about":[{"href":"https:\/\/www.sincomam.org.br\/index.php\/wp-json\/wp\/v2\/types\/post"}],"author":[{"embeddable":true,"href":"https:\/\/www.sincomam.org.br\/index.php\/wp-json\/wp\/v2\/users\/1527"}],"replies":[{"embeddable":true,"href":"https:\/\/www.sincomam.org.br\/index.php\/wp-json\/wp\/v2\/comments?post=36582"}],"version-history":[{"count":1,"href":"https:\/\/www.sincomam.org.br\/index.php\/wp-json\/wp\/v2\/posts\/36582\/revisions"}],"predecessor-version":[{"id":36583,"href":"https:\/\/www.sincomam.org.br\/index.php\/wp-json\/wp\/v2\/posts\/36582\/revisions\/36583"}],"wp:featuredmedia":[{"embeddable":true,"href":"https:\/\/www.sincomam.org.br\/index.php\/wp-json\/wp\/v2\/media\/29303"}],"wp:attachment":[{"href":"https:\/\/www.sincomam.org.br\/index.php\/wp-json\/wp\/v2\/media?parent=36582"}],"wp:term":[{"taxonomy":"category","embeddable":true,"href":"https:\/\/www.sincomam.org.br\/index.php\/wp-json\/wp\/v2\/categories?post=36582"},{"taxonomy":"post_tag","embeddable":true,"href":"https:\/\/www.sincomam.org.br\/index.php\/wp-json\/wp\/v2\/tags?post=36582"}],"curies":[{"name":"wp","href":"https:\/\/api.w.org\/{rel}","templated":true}]}}