{"id":36580,"date":"2021-11-23T10:54:19","date_gmt":"2021-11-23T13:54:19","guid":{"rendered":"http:\/\/www.sincomam.org.br\/?p=36580"},"modified":"2021-11-23T10:54:19","modified_gmt":"2021-11-23T13:54:19","slug":"mercado-de-carbono-deve-gerar-us-10-bi-ao-ano-ao-brasil-diz-ministro","status":"publish","type":"post","link":"https:\/\/www.sincomam.org.br\/index.php\/mercado-de-carbono-deve-gerar-us-10-bi-ao-ano-ao-brasil-diz-ministro\/","title":{"rendered":"Mercado de carbono deve gerar US$ 10 bi ao ano ao Brasil, diz ministro"},"content":{"rendered":"<p>O ministro do Meio Ambiente, Joaquim Leite, disse nesta segunda-feira (22) que o novo mercado global de carbono deve movimentar algo em torno de US$ 50 bilh\u00f5es ao ano, sendo que a estimativa do governo \u00e9 que US$ 10 bilh\u00f5es sejam destinados ao carbono que o Brasil vai exportar.<\/p>\n<p>Em entrevista ao programa A Voz do Brasil, Leite avaliou que o pa\u00eds foi protagonista nas negocia\u00e7\u00f5es no \u00e2mbito da 26\u00aa Confer\u00eancia sobre as Altera\u00e7\u00f5es Clim\u00e1ticas (COP26), em Glasgow. Ele se referiu \u00e0 meta de atingir a neutralidade de carbono at\u00e9 2050 como a maior ambi\u00e7\u00e3o apresentada por pa\u00edses em desenvolvimento do G-20. \u201cO Brasil teve um papel important\u00edssimo, especialmente no acordo que criou o mercado de carbono global. O Brasil atuou de forma construtiva e proativa. N\u00f3s articulamos quando necess\u00e1rio, pressionamos os pa\u00edses que queriam bloquear a negocia\u00e7\u00e3o e, ao mesmo tempo, esclarecemos pontos positivos para outros pa\u00edses.\u201d<\/p>\n<p>Ainda de acordo com o ministro, o Brasil realizou, em Glasgow, um total de 24 reuni\u00f5es com pa\u00edses como Estados Unidos, China, Su\u00ed\u00e7a, Paraguai, Uruguai e Argentina, al\u00e9m de membros da Uni\u00e3o Europeia. Para Leite, as rodadas demonstram o que ele chama de protagonismo brasileiro na negocia\u00e7\u00e3o do clima. \u201cCome\u00e7amos a mexer nesse tabuleiro de negocia\u00e7\u00e3o multilateral de todos os pa\u00edses \u2013 s\u00e3o praticamente 200 pa\u00edses \u2013 que tinham que aprovar esse texto no final da confer\u00eancia. N\u00f3s conseguimos esse objetivo. A meta era essa mesma e n\u00f3s conseguimos criar o mercado global de carbono. O Brasil ser\u00e1 um exportador de carbono pro mundo\u201d, concluiu.<\/p>\n<p>Fonte: Ag\u00eancia Brasil<\/p>\n","protected":false},"excerpt":{"rendered":"<p>O ministro do Meio Ambiente, Joaquim Leite, disse nesta segunda-feira (22) que o novo mercado global de carbono deve movimentar algo em torno de US$&#8230;<\/p>\n","protected":false},"author":1527,"featured_media":8817,"comment_status":"closed","ping_status":"closed","sticky":false,"template":"","format":"standard","meta":{"footnotes":""},"categories":[6],"tags":[],"class_list":["post-36580","post","type-post","status-publish","format-standard","has-post-thumbnail","hentry","category-noticias"],"_links":{"self":[{"href":"https:\/\/www.sincomam.org.br\/index.php\/wp-json\/wp\/v2\/posts\/36580","targetHints":{"allow":["GET"]}}],"collection":[{"href":"https:\/\/www.sincomam.org.br\/index.php\/wp-json\/wp\/v2\/posts"}],"about":[{"href":"https:\/\/www.sincomam.org.br\/index.php\/wp-json\/wp\/v2\/types\/post"}],"author":[{"embeddable":true,"href":"https:\/\/www.sincomam.org.br\/index.php\/wp-json\/wp\/v2\/users\/1527"}],"replies":[{"embeddable":true,"href":"https:\/\/www.sincomam.org.br\/index.php\/wp-json\/wp\/v2\/comments?post=36580"}],"version-history":[{"count":1,"href":"https:\/\/www.sincomam.org.br\/index.php\/wp-json\/wp\/v2\/posts\/36580\/revisions"}],"predecessor-version":[{"id":36581,"href":"https:\/\/www.sincomam.org.br\/index.php\/wp-json\/wp\/v2\/posts\/36580\/revisions\/36581"}],"wp:featuredmedia":[{"embeddable":true,"href":"https:\/\/www.sincomam.org.br\/index.php\/wp-json\/wp\/v2\/media\/8817"}],"wp:attachment":[{"href":"https:\/\/www.sincomam.org.br\/index.php\/wp-json\/wp\/v2\/media?parent=36580"}],"wp:term":[{"taxonomy":"category","embeddable":true,"href":"https:\/\/www.sincomam.org.br\/index.php\/wp-json\/wp\/v2\/categories?post=36580"},{"taxonomy":"post_tag","embeddable":true,"href":"https:\/\/www.sincomam.org.br\/index.php\/wp-json\/wp\/v2\/tags?post=36580"}],"curies":[{"name":"wp","href":"https:\/\/api.w.org\/{rel}","templated":true}]}}