{"id":36574,"date":"2021-11-23T10:40:10","date_gmt":"2021-11-23T13:40:10","guid":{"rendered":"http:\/\/www.sincomam.org.br\/?p=36574"},"modified":"2021-11-23T10:40:10","modified_gmt":"2021-11-23T13:40:10","slug":"eneva-estuda-implantacao-de-novo-terminal-de-gas-no-porto-do-itaqui","status":"publish","type":"post","link":"https:\/\/www.sincomam.org.br\/index.php\/eneva-estuda-implantacao-de-novo-terminal-de-gas-no-porto-do-itaqui\/","title":{"rendered":"Eneva estuda implanta\u00e7\u00e3o de novo terminal de g\u00e1s no Porto do Itaqui"},"content":{"rendered":"<p>Na \u00faltima semana a Eneva, empresa brasileira que atua nos setores de gera\u00e7\u00e3o, explora\u00e7\u00e3o e produ\u00e7\u00e3o de petr\u00f3leo e g\u00e1s natural, al\u00e9m de comercializa\u00e7\u00e3o de energia el\u00e9trica, anunciou a formaliza\u00e7\u00e3o de parceria para investir na instala\u00e7\u00e3o de um terminal de GNL (g\u00e1s natural liquefeito) no Porto do Itaqui ou \u00e1reas pr\u00f3ximas. A partir do acordo de coopera\u00e7\u00e3o assinado com a Servtec Investimentos e Participa\u00e7\u00f5es, ser\u00e1 iniciado um estudo de viabilidade para a implanta\u00e7\u00e3o do projeto.<\/p>\n<p>Para o presidente da EMAP, Ted Lago, este \u00e9 mais um passo para a consolida\u00e7\u00e3o do Porto do Itaqui como hub de derivados de petr\u00f3leo e energia. \u201cTemos conversado com a Eneva sobre a possibilidade de implanta\u00e7\u00e3o de um terminal de g\u00e1s para atender tanto as ind\u00fastrias locais quanto para uso veicular\u201d, disse.<\/p>\n<p>A empresa mant\u00e9m rela\u00e7\u00e3o s\u00f3lida com o porto p\u00fablico do Maranh\u00e3o desde que instalou seu primeiro empreendimento no estado, a usina de Itaqui. Para receber o carv\u00e3o mineral utilizado na gera\u00e7\u00e3o de energia, a Eneva conta com uma esteira que liga o porto \u00e0 usina numa extens\u00e3o de cinco quil\u00f4metros.<\/p>\n<p>Fonte: Portos e Navios<\/p>\n","protected":false},"excerpt":{"rendered":"<p>Na \u00faltima semana a Eneva, empresa brasileira que atua nos setores de gera\u00e7\u00e3o, explora\u00e7\u00e3o e produ\u00e7\u00e3o de petr\u00f3leo e g\u00e1s natural, al\u00e9m de comercializa\u00e7\u00e3o de&#8230;<\/p>\n","protected":false},"author":1527,"featured_media":19134,"comment_status":"closed","ping_status":"closed","sticky":false,"template":"","format":"standard","meta":{"footnotes":""},"categories":[6],"tags":[],"class_list":["post-36574","post","type-post","status-publish","format-standard","has-post-thumbnail","hentry","category-noticias"],"_links":{"self":[{"href":"https:\/\/www.sincomam.org.br\/index.php\/wp-json\/wp\/v2\/posts\/36574","targetHints":{"allow":["GET"]}}],"collection":[{"href":"https:\/\/www.sincomam.org.br\/index.php\/wp-json\/wp\/v2\/posts"}],"about":[{"href":"https:\/\/www.sincomam.org.br\/index.php\/wp-json\/wp\/v2\/types\/post"}],"author":[{"embeddable":true,"href":"https:\/\/www.sincomam.org.br\/index.php\/wp-json\/wp\/v2\/users\/1527"}],"replies":[{"embeddable":true,"href":"https:\/\/www.sincomam.org.br\/index.php\/wp-json\/wp\/v2\/comments?post=36574"}],"version-history":[{"count":1,"href":"https:\/\/www.sincomam.org.br\/index.php\/wp-json\/wp\/v2\/posts\/36574\/revisions"}],"predecessor-version":[{"id":36575,"href":"https:\/\/www.sincomam.org.br\/index.php\/wp-json\/wp\/v2\/posts\/36574\/revisions\/36575"}],"wp:featuredmedia":[{"embeddable":true,"href":"https:\/\/www.sincomam.org.br\/index.php\/wp-json\/wp\/v2\/media\/19134"}],"wp:attachment":[{"href":"https:\/\/www.sincomam.org.br\/index.php\/wp-json\/wp\/v2\/media?parent=36574"}],"wp:term":[{"taxonomy":"category","embeddable":true,"href":"https:\/\/www.sincomam.org.br\/index.php\/wp-json\/wp\/v2\/categories?post=36574"},{"taxonomy":"post_tag","embeddable":true,"href":"https:\/\/www.sincomam.org.br\/index.php\/wp-json\/wp\/v2\/tags?post=36574"}],"curies":[{"name":"wp","href":"https:\/\/api.w.org\/{rel}","templated":true}]}}