{"id":3657,"date":"2014-02-14T11:13:30","date_gmt":"2014-02-14T13:13:30","guid":{"rendered":"http:\/\/www.sincomam.org.br\/?p=3657"},"modified":"2014-02-14T11:13:30","modified_gmt":"2014-02-14T13:13:30","slug":"petrobras-fecha-contrato-para-compra-adicional-de-gas-da-bolivia","status":"publish","type":"post","link":"https:\/\/www.sincomam.org.br\/index.php\/petrobras-fecha-contrato-para-compra-adicional-de-gas-da-bolivia\/","title":{"rendered":"Petrobras fecha contrato para compra adicional de g\u00e1s da Bol\u00edvia"},"content":{"rendered":"<p>A Petrobras fechou ontem um contrato para compra adicional de 2,2 milh\u00f5es de metros c\u00fabicos di\u00e1rios de g\u00e1s boliviano, disse ao Valor nesta quinta-feira, 13, uma fonte do governo brasileiro.<\/p>\n<p>Segundo a fonte, t\u00e9cnicos da empresa estiveram nesta semana negociando o novo contrato com uma comiss\u00e3o da estatal boliviana YPFB.<\/p>\n<p>O contrato, tempor\u00e1rio, ter\u00e1 uma validade inicial de 20 dias. Nas pr\u00f3ximas semanas, disse a fonte, as empresas negociar\u00e3o uma prorroga\u00e7\u00e3o.<\/p>\n<p>O novo g\u00e1s ter\u00e1 como destino a usina t\u00e9rmica Governador M\u00e1rio Covas, em Cuiab\u00e1. Com capacidade para gerar 480 megawatts, a t\u00e9rmica receber\u00e1 o g\u00e1s por meio de um ramal do gasoduto Brasil-Bol\u00edvia que desemboca na capital mato-grossense.<\/p>\n<p>Segundo a fonte, o g\u00e1s ser\u00e1 vendido pelo mesmo valor praticado no contrato atual com os bolivianos. Hoje, ele gira em torno de US$ 8,90 por milh\u00e3o de BTU (unidades t\u00e9rmicas brit\u00e2nicas).<\/p>\n<p>Esse g\u00e1s adicional se soma aos 30,5 milh\u00f5es de metros c\u00fabicos di\u00e1rios que os bolivianos j\u00e1 enviam a o Brasil, de acordo com o contrato atual que expira em 2019.<\/p>\n<p>O novo g\u00e1s chega no momento em que os reservat\u00f3rios brasileiros est\u00e3o baixos e as termel\u00e9tricas &#8220;operam literalmente a todo o vapor&#8221; para garantir o fornecimento de eletricidade no pa\u00eds, disse a fonte.<\/p>\n<p>Segundo a fonte, a tend\u00eancia \u00e9 que o Brasil utilize todo o g\u00e1s fornecido pelos bolivianos, que agora soma cerca de 32,7 milh\u00f5es de metros c\u00fabicos por dia, dadas as dificuldades atuais na gera\u00e7\u00e3o de energia. Essa seria a capacidade m\u00e1xima do gasoduto, somando os ramais que desembocam em S\u00e3o Paulo e Cuiab\u00e1.<\/p>\n<p>Procurada pelo Valor, a Petrobras disse que n\u00e3o comentar\u00e1 o assunto.<\/p>\n<p>Fonte: Valor Online<\/p>\n","protected":false},"excerpt":{"rendered":"<p>A Petrobras fechou ontem um contrato para compra adicional de 2,2 milh\u00f5es de metros c\u00fabicos di\u00e1rios de g\u00e1s boliviano, disse ao Valor nesta quinta-feira, 13,&#8230;<\/p>\n","protected":false},"author":1182,"featured_media":0,"comment_status":"closed","ping_status":"closed","sticky":false,"template":"","format":"standard","meta":{"footnotes":""},"categories":[6],"tags":[468,375,57,58],"class_list":["post-3657","post","type-post","status-publish","format-standard","hentry","category-noticias","tag-bolivia","tag-compra","tag-gas","tag-petrobras"],"_links":{"self":[{"href":"https:\/\/www.sincomam.org.br\/index.php\/wp-json\/wp\/v2\/posts\/3657","targetHints":{"allow":["GET"]}}],"collection":[{"href":"https:\/\/www.sincomam.org.br\/index.php\/wp-json\/wp\/v2\/posts"}],"about":[{"href":"https:\/\/www.sincomam.org.br\/index.php\/wp-json\/wp\/v2\/types\/post"}],"author":[{"embeddable":true,"href":"https:\/\/www.sincomam.org.br\/index.php\/wp-json\/wp\/v2\/users\/1182"}],"replies":[{"embeddable":true,"href":"https:\/\/www.sincomam.org.br\/index.php\/wp-json\/wp\/v2\/comments?post=3657"}],"version-history":[{"count":1,"href":"https:\/\/www.sincomam.org.br\/index.php\/wp-json\/wp\/v2\/posts\/3657\/revisions"}],"predecessor-version":[{"id":3658,"href":"https:\/\/www.sincomam.org.br\/index.php\/wp-json\/wp\/v2\/posts\/3657\/revisions\/3658"}],"wp:attachment":[{"href":"https:\/\/www.sincomam.org.br\/index.php\/wp-json\/wp\/v2\/media?parent=3657"}],"wp:term":[{"taxonomy":"category","embeddable":true,"href":"https:\/\/www.sincomam.org.br\/index.php\/wp-json\/wp\/v2\/categories?post=3657"},{"taxonomy":"post_tag","embeddable":true,"href":"https:\/\/www.sincomam.org.br\/index.php\/wp-json\/wp\/v2\/tags?post=3657"}],"curies":[{"name":"wp","href":"https:\/\/api.w.org\/{rel}","templated":true}]}}