{"id":36557,"date":"2021-11-22T08:48:44","date_gmt":"2021-11-22T11:48:44","guid":{"rendered":"http:\/\/www.sincomam.org.br\/?p=36557"},"modified":"2021-11-22T08:48:44","modified_gmt":"2021-11-22T11:48:44","slug":"agenda-regulatoria-2022-2023-e-tema-de-audiencia-publica-da-aneel","status":"publish","type":"post","link":"https:\/\/www.sincomam.org.br\/index.php\/agenda-regulatoria-2022-2023-e-tema-de-audiencia-publica-da-aneel\/","title":{"rendered":"Agenda Regulat\u00f3ria 2022\/2023 \u00e9 tema de audi\u00eancia p\u00fablica da Aneel"},"content":{"rendered":"<p>A Ag\u00eancia Nacional de Energia El\u00e9trica (Aneel) promoveu, na sexta-feira (19), audi\u00eancia p\u00fablica para discutir com a sociedade a elabora\u00e7\u00e3o da Agenda Regulat\u00f3ria para o bi\u00eanio 2022\/2023. A sess\u00e3o virtual, que contou com 36 contribui\u00e7\u00f5es, foi transmitida ao vivo pelo canal da Aneel no YouTube e acompanhada por mais de 65 pessoas.<\/p>\n<p>A Agenda Regulat\u00f3ria proposta para o bi\u00eanio 2022\/2023 cont\u00e9m 80 atividades com entregas para 2022 e ainda 17 atividades indicativas previstas para o ano de 2023. A expectativa que sejam publicadas 40 novas resolu\u00e7\u00f5es normativas em 2022.<\/p>\n<p>A Ag\u00eancia incorporou as contribui\u00e7\u00f5es recebidas na Tomada de Subs\u00eddios n\u00ba 013\/2021, promovida pela Ag\u00eancia no per\u00edodo de 2 a 29\/9\/2021, que recebeu 518 contribui\u00e7\u00f5es de 37 participantes, das quais 65% foram aceitas total ou parcialmente. Pr\u00e1tica institucional reconhecida por conferir transpar\u00eancia e previsibilidade ao processo regulat\u00f3rio, a Agenda Regulat\u00f3ria apresenta a rela\u00e7\u00e3o dos temas pass\u00edveis de regulamenta\u00e7\u00e3o ou estudo por parte da Aneel no per\u00edodo de dois anos.<\/p>\n<p>A aprova\u00e7\u00e3o da Agenda Regulat\u00f3ria est\u00e1 prevista para ser deliberada em dezembro, ap\u00f3s a an\u00e1lise das contribui\u00e7\u00f5es recebidas na Audi\u00eancia P\u00fablica. Mais informa\u00e7\u00f5es sobre a AP 30\/2021 podem ser encontradas aqui. (Audi\u00eancias P\u00fablicas &#8211; Aneel)<\/p>\n<p>Fonte: Aneel<\/p>\n","protected":false},"excerpt":{"rendered":"<p>A Ag\u00eancia Nacional de Energia El\u00e9trica (Aneel) promoveu, na sexta-feira (19), audi\u00eancia p\u00fablica para discutir com a sociedade a elabora\u00e7\u00e3o da Agenda Regulat\u00f3ria para o&#8230;<\/p>\n","protected":false},"author":1527,"featured_media":32749,"comment_status":"closed","ping_status":"closed","sticky":false,"template":"","format":"standard","meta":{"footnotes":""},"categories":[6],"tags":[],"class_list":["post-36557","post","type-post","status-publish","format-standard","has-post-thumbnail","hentry","category-noticias"],"_links":{"self":[{"href":"https:\/\/www.sincomam.org.br\/index.php\/wp-json\/wp\/v2\/posts\/36557","targetHints":{"allow":["GET"]}}],"collection":[{"href":"https:\/\/www.sincomam.org.br\/index.php\/wp-json\/wp\/v2\/posts"}],"about":[{"href":"https:\/\/www.sincomam.org.br\/index.php\/wp-json\/wp\/v2\/types\/post"}],"author":[{"embeddable":true,"href":"https:\/\/www.sincomam.org.br\/index.php\/wp-json\/wp\/v2\/users\/1527"}],"replies":[{"embeddable":true,"href":"https:\/\/www.sincomam.org.br\/index.php\/wp-json\/wp\/v2\/comments?post=36557"}],"version-history":[{"count":1,"href":"https:\/\/www.sincomam.org.br\/index.php\/wp-json\/wp\/v2\/posts\/36557\/revisions"}],"predecessor-version":[{"id":36558,"href":"https:\/\/www.sincomam.org.br\/index.php\/wp-json\/wp\/v2\/posts\/36557\/revisions\/36558"}],"wp:featuredmedia":[{"embeddable":true,"href":"https:\/\/www.sincomam.org.br\/index.php\/wp-json\/wp\/v2\/media\/32749"}],"wp:attachment":[{"href":"https:\/\/www.sincomam.org.br\/index.php\/wp-json\/wp\/v2\/media?parent=36557"}],"wp:term":[{"taxonomy":"category","embeddable":true,"href":"https:\/\/www.sincomam.org.br\/index.php\/wp-json\/wp\/v2\/categories?post=36557"},{"taxonomy":"post_tag","embeddable":true,"href":"https:\/\/www.sincomam.org.br\/index.php\/wp-json\/wp\/v2\/tags?post=36557"}],"curies":[{"name":"wp","href":"https:\/\/api.w.org\/{rel}","templated":true}]}}