{"id":36555,"date":"2021-11-22T08:47:38","date_gmt":"2021-11-22T11:47:38","guid":{"rendered":"http:\/\/www.sincomam.org.br\/?p=36555"},"modified":"2021-11-22T08:47:38","modified_gmt":"2021-11-22T11:47:38","slug":"fiscais-da-antaq-fazem-visitas-tecnicas-as-instalacoes-portuarias-do-espirito-santo","status":"publish","type":"post","link":"https:\/\/www.sincomam.org.br\/index.php\/fiscais-da-antaq-fazem-visitas-tecnicas-as-instalacoes-portuarias-do-espirito-santo\/","title":{"rendered":"Fiscais da Antaq fazem visitas t\u00e9cnicas \u00e0s instala\u00e7\u00f5es portu\u00e1rias do Esp\u00edrito Santo"},"content":{"rendered":"<p>Cerca de setenta fiscais da Antaq realizaram, nos dias 16 e 17, uma s\u00e9rie de visitas t\u00e9cnicas \u00e0s instala\u00e7\u00f5es portu\u00e1rias do Esp\u00edrito Santo. A programa\u00e7\u00e3o fez parte de um curso anual de capacita\u00e7\u00e3o organizado pela Superintend\u00eancia de Fiscaliza\u00e7\u00e3o e Coordena\u00e7\u00e3o das Unidades Regionais.<\/p>\n<p>No primeiro dia, os fiscais foram at\u00e9 o Porto de Tubar\u00e3o, localizado em Vit\u00f3ria e operado pela Vale. A instala\u00e7\u00e3o \u00e9 uma das mais importantes do pa\u00eds na movimenta\u00e7\u00e3o de min\u00e9rio de ferro. \u00c0 tarde, a delega\u00e7\u00e3o seguiu para o Terminal de Vila Velha, da Log-in. A instala\u00e7\u00e3o opera embarque e descarga de navios, servi\u00e7os de movimenta\u00e7\u00e3o e armazenagem de cont\u00eaineres, carga geral, rochas e cargas de projeto, com estrutura e tecnologia para operar diversos tipos de carga.<\/p>\n<p>\u201cEstar no local onde acontece a inspe\u00e7\u00e3o \u00e9 fundamental para que as nossas fiscaliza\u00e7\u00f5es sejam cada vez mais eficientes e responsivas, contribuindo para que as instala\u00e7\u00f5es portu\u00e1rias prestem um servi\u00e7o adequado \u00e0 sociedade\u201d, afirmou o diretor-geral da ANTAQ, Eduardo Nery, que fez parte da delega\u00e7\u00e3o.<\/p>\n<p>Ainda no primeiro dia, os fiscais puderam conhecer o Sistema de Informa\u00e7\u00e3o e Gerenciamento do Tr\u00e1fego de Embarca\u00e7\u00f5es da Companhia Docas do Esp\u00edrito Santo (Codesa). Em seguida, visitaram o Terminal Portu\u00e1rio de Pei\u00fa (TPP), que opera embarque e desembarque de produtos a partir de uma estrutura multimodal. Localizada em Vila Velha, a instala\u00e7\u00e3o possui acessos mar\u00edtimo e rodovi\u00e1rio, comum \u00e0s empresas instaladas no Porto de Vit\u00f3ria, e linha f\u00e9rrea pr\u00f3pria dentro do terminal a 20 metros do cais, por onde chegam tubos, componentes qu\u00edmicos, alimentos e outros produtos.<\/p>\n<p>No dia 17, os fiscais come\u00e7aram os trabalhos com uma visita t\u00e9cnica \u00e0 Portocel, terminal localizado no distrito de Barra do Riacho, munic\u00edpio de Aracruz (ES). A comitiva p\u00f4de presenciar uma opera\u00e7\u00e3o de movimenta\u00e7\u00e3o de celulose. Na parte da tarde, a equipe visitou o Estaleiro Jurong Aracruz. \u201cFoi uma \u00f3tima oportunidade para os fiscais estarem integrados e trocarem experi\u00eancias em um estaleiro, onde poucas unidades regionais da Ag\u00eancia possuem jurisdi\u00e7\u00e3o para fiscalizar esse tipo de instala\u00e7\u00e3o\u201d, afirmou a superintendente de Fiscaliza\u00e7\u00e3o da ANTAQ, Gabriela Costa, destacando que as a\u00e7\u00f5es fiscalizat\u00f3rias da Ag\u00eancia se baseiam nos pilares da conformidade regulat\u00f3ria, capacita\u00e7\u00e3o cont\u00ednua e trabalho em equipe.<\/p>\n<p>Para Daniela Quadros, chefe da Unidade Regional de Vit\u00f3ria da ANTAQ, \u201cessas visitas t\u00e9cnicas s\u00e3o importantes para que os agentes de fiscaliza\u00e7\u00e3o possam acompanhar opera\u00e7\u00f5es que n\u00e3o existem em seus locais de atua\u00e7\u00e3o, como a opera\u00e7\u00e3o de celulose\u201d. De acordo com Daniela, esse conhecimento passado de forma visual \u00e9 importante. \u201c\u00c9 uma oportunidade de sair da teoria e ver como as coisas acontecem na pr\u00e1tica.\u201d<\/p>\n<p>Lucas Sampaio Ataliba, chefe substituto da Unidade Regional de Florian\u00f3polis, afirmou que \u201cas visitas t\u00e9cnicas propiciam um conhecimento acerca de instala\u00e7\u00f5es e opera\u00e7\u00f5es diferentes das que costumamos vivenciar em nossa realidade e uma intera\u00e7\u00e3o maior entre os fiscais da Ag\u00eancia para que possamos trocar experi\u00eancias\u201d.<\/p>\n<p><strong>Capilaridade<br \/>\n<\/strong>Atualmente, a Ag\u00eancia conta com 14 unidades regionais, al\u00e9m dos postos avan\u00e7ados. S\u00e3o \u00f3rg\u00e3os localizados nas regi\u00f5es Norte, Nordeste, Sudeste, Sul e Centro-Oeste, al\u00e9m da sede, em Bras\u00edlia. \u201cO curso, que se encerrou com as visitas t\u00e9cnicas \u00e0s instala\u00e7\u00f5es que est\u00e3o na jurisdi\u00e7\u00e3o do escrit\u00f3rio de Vit\u00f3ria, reuniu fiscais de todas as unidades regionais. Cada porto tem sua peculiaridade, suas quest\u00f5es a serem resolvidas. Ent\u00e3o, quando o fiscal se depara com uma realidade diferente da dele e v\u00ea a outra equipe em a\u00e7\u00e3o, encontrando solu\u00e7\u00e3o para a problem\u00e1tica local, ele retorna \u00e0 sua unidade com uma bagagem maior\u201d, completou Gabriela Costa.<\/p>\n<p>Fonte: Antaq<\/p>\n","protected":false},"excerpt":{"rendered":"<p>Cerca de setenta fiscais da Antaq realizaram, nos dias 16 e 17, uma s\u00e9rie de visitas t\u00e9cnicas \u00e0s instala\u00e7\u00f5es portu\u00e1rias do Esp\u00edrito Santo. A programa\u00e7\u00e3o&#8230;<\/p>\n","protected":false},"author":1527,"featured_media":32859,"comment_status":"closed","ping_status":"closed","sticky":false,"template":"","format":"standard","meta":{"footnotes":""},"categories":[6],"tags":[],"class_list":["post-36555","post","type-post","status-publish","format-standard","has-post-thumbnail","hentry","category-noticias"],"_links":{"self":[{"href":"https:\/\/www.sincomam.org.br\/index.php\/wp-json\/wp\/v2\/posts\/36555","targetHints":{"allow":["GET"]}}],"collection":[{"href":"https:\/\/www.sincomam.org.br\/index.php\/wp-json\/wp\/v2\/posts"}],"about":[{"href":"https:\/\/www.sincomam.org.br\/index.php\/wp-json\/wp\/v2\/types\/post"}],"author":[{"embeddable":true,"href":"https:\/\/www.sincomam.org.br\/index.php\/wp-json\/wp\/v2\/users\/1527"}],"replies":[{"embeddable":true,"href":"https:\/\/www.sincomam.org.br\/index.php\/wp-json\/wp\/v2\/comments?post=36555"}],"version-history":[{"count":1,"href":"https:\/\/www.sincomam.org.br\/index.php\/wp-json\/wp\/v2\/posts\/36555\/revisions"}],"predecessor-version":[{"id":36556,"href":"https:\/\/www.sincomam.org.br\/index.php\/wp-json\/wp\/v2\/posts\/36555\/revisions\/36556"}],"wp:featuredmedia":[{"embeddable":true,"href":"https:\/\/www.sincomam.org.br\/index.php\/wp-json\/wp\/v2\/media\/32859"}],"wp:attachment":[{"href":"https:\/\/www.sincomam.org.br\/index.php\/wp-json\/wp\/v2\/media?parent=36555"}],"wp:term":[{"taxonomy":"category","embeddable":true,"href":"https:\/\/www.sincomam.org.br\/index.php\/wp-json\/wp\/v2\/categories?post=36555"},{"taxonomy":"post_tag","embeddable":true,"href":"https:\/\/www.sincomam.org.br\/index.php\/wp-json\/wp\/v2\/tags?post=36555"}],"curies":[{"name":"wp","href":"https:\/\/api.w.org\/{rel}","templated":true}]}}